{"id":76536,"date":"2021-05-27T14:13:35","date_gmt":"2021-05-27T17:13:35","guid":{"rendered":"https:\/\/tvtecjundiai.com.br\/news\/?p=76536"},"modified":"2021-05-27T14:13:35","modified_gmt":"2021-05-27T17:13:35","slug":"muito-medo-jundiaiense-compartilha-sua-experiencia-com-a-covid-19","status":"publish","type":"post","link":"https:\/\/tvtecjundiai.com.br\/news\/2021\/05\/27\/muito-medo-jundiaiense-compartilha-sua-experiencia-com-a-covid-19\/","title":{"rendered":"\u2018Muito medo\u2019: Jundiaiense compartilha sua experi\u00eancia com a COVID-19"},"content":{"rendered":"\n<p>O jundiaiense Aleksandro Thomaz contraiu o v\u00edrus da COVID-19 no final do ano passado. Al\u00e9m de passar por todo o transtorno de ficar 40 dias internado no Hospital S\u00e3o Vicente de Paulo, Aleksandro teve seu emocional abalado ao ver tantas pessoas, que estavam internadas com ele, falecerem por conta do v\u00edrus. \u201cFoi assustador ver as pessoas n\u00e3o voltando para casa\u201d, lembra, emocionado.<\/p>\n\n\n\n<p>\u201cEu n\u00e3o sei como peguei o Corona, eu sempre ia do trabalho para casa, \u00e0s vezes ia para o mercado, mas sempre passando \u00e1lcool gel\u201d, conta. Aleksandro lembra que os primeiros sintomas foram o mal estar e a respira\u00e7\u00e3o ofegante. \u201cComecei a me sentir mal, minha respira\u00e7\u00e3o estava ruim demais, eu fiquei muito mal em casa e falei para a minha esposa que eu n\u00e3o estava conseguindo respirar\u201d, diz.<\/p>\n\n\n\n<div class=\"wp-block-image\"><figure class=\"aligncenter size-large is-resized\"><img loading=\"lazy\" decoding=\"async\" src=\"https:\/\/tvtecjundiai.com.br\/news\/wp-content\/uploads\/sites\/2\/2021\/05\/aleksandro-955x960.jpg\" alt=\"\" class=\"wp-image-76537\" width=\"615\" height=\"618\" srcset=\"https:\/\/tvtecjundiai.com.br\/news\/wp-content\/uploads\/sites\/2\/2021\/05\/aleksandro-955x960.jpg 955w, https:\/\/tvtecjundiai.com.br\/news\/wp-content\/uploads\/sites\/2\/2021\/05\/aleksandro-300x302.jpg 300w, https:\/\/tvtecjundiai.com.br\/news\/wp-content\/uploads\/sites\/2\/2021\/05\/aleksandro-100x100.jpg 100w, https:\/\/tvtecjundiai.com.br\/news\/wp-content\/uploads\/sites\/2\/2021\/05\/aleksandro-768x772.jpg 768w, https:\/\/tvtecjundiai.com.br\/news\/wp-content\/uploads\/sites\/2\/2021\/05\/aleksandro.jpg 1439w\" sizes=\"auto, (max-width: 615px) 100vw, 615px\" \/><figcaption>Aleksandro e a esposa H\u00e9lida: gratid\u00e3o por ter se recuperado da COVID-19<\/figcaption><\/figure><\/div>\n\n\n\n<p>No primeiro momento, Aleksandro foi com a esposa H\u00e9lida a uma UBS, mas chegando l\u00e1, j\u00e1 foi encaminhado ao hospital. E foi no hospital que os m\u00e9dicos constataram que ele estava com 50% do pulm\u00e3o comprometido. \u201cSe eu fosse ficar em casa, se eu n\u00e3o tivesse ido direto para o hospital, eu ia morrer\u201d.<\/p>\n\n\n\n<p>Aleksandro foi internado numa ter\u00e7a-feira e na quarta-feira j\u00e1 foi levado para a UTI e entubado. A esposa recebeu a not\u00edcia de que, talvez, Aleksandro n\u00e3o fosse resistir.<\/p>\n\n\n\n<p>Por conta do tempo de interna\u00e7\u00e3o, Aleksandro desenvolveu uma trombose nas pernas, que teve que ser tratada em casa.<\/p>\n\n\n\n<p>Depois do susto e da recupera\u00e7\u00e3o, restou a Aleksandro a gratid\u00e3o por mais uma chance de viver. \u201cTodos os dias eu oro a Deus por mais um dia de vida\u201d.<\/p>\n\n\n\n<p><em>(Texto: TVTEC\/Imagem: Arquivo Pessoal)<\/em><\/p>\n\n\n\n<figure class=\"wp-block-embed is-type-video is-provider-youtube wp-block-embed-youtube wp-embed-aspect-16-9 wp-has-aspect-ratio\"><div class=\"wp-block-embed__wrapper\">\n<iframe loading=\"lazy\" title=\"Eu venci a COVID-19!\" width=\"500\" height=\"281\" src=\"https:\/\/www.youtube.com\/embed\/CkaMK2akUO8?feature=oembed\" frameborder=\"0\" allow=\"accelerometer; autoplay; clipboard-write; encrypted-media; gyroscope; picture-in-picture; web-share\" referrerpolicy=\"strict-origin-when-cross-origin\" allowfullscreen><\/iframe>\n<\/div><\/figure>\n","protected":false},"excerpt":{"rendered":"<p>Aleksandro ficou 40 dias internado no Hospital S\u00e3o Vicente por conta do Coronav\u00edrus<\/p>\n","protected":false},"author":28,"featured_media":76537,"comment_status":"closed","ping_status":"closed","sticky":false,"template":"","format":"standard","meta":{"footnotes":""},"categories":[8356,1],"tags":[],"class_list":["post-76536","post","type-post","status-publish","format-standard","has-post-thumbnail","hentry","category-jundiai","category-noticias"],"_links":{"self":[{"href":"https:\/\/tvtecjundiai.com.br\/news\/wp-json\/wp\/v2\/posts\/76536","targetHints":{"allow":["GET"]}}],"collection":[{"href":"https:\/\/tvtecjundiai.com.br\/news\/wp-json\/wp\/v2\/posts"}],"about":[{"href":"https:\/\/tvtecjundiai.com.br\/news\/wp-json\/wp\/v2\/types\/post"}],"author":[{"embeddable":true,"href":"https:\/\/tvtecjundiai.com.br\/news\/wp-json\/wp\/v2\/users\/28"}],"replies":[{"embeddable":true,"href":"https:\/\/tvtecjundiai.com.br\/news\/wp-json\/wp\/v2\/comments?post=76536"}],"version-history":[{"count":1,"href":"https:\/\/tvtecjundiai.com.br\/news\/wp-json\/wp\/v2\/posts\/76536\/revisions"}],"predecessor-version":[{"id":76538,"href":"https:\/\/tvtecjundiai.com.br\/news\/wp-json\/wp\/v2\/posts\/76536\/revisions\/76538"}],"wp:featuredmedia":[{"embeddable":true,"href":"https:\/\/tvtecjundiai.com.br\/news\/wp-json\/wp\/v2\/media\/76537"}],"wp:attachment":[{"href":"https:\/\/tvtecjundiai.com.br\/news\/wp-json\/wp\/v2\/media?parent=76536"}],"wp:term":[{"taxonomy":"category","embeddable":true,"href":"https:\/\/tvtecjundiai.com.br\/news\/wp-json\/wp\/v2\/categories?post=76536"},{"taxonomy":"post_tag","embeddable":true,"href":"https:\/\/tvtecjundiai.com.br\/news\/wp-json\/wp\/v2\/tags?post=76536"}],"curies":[{"name":"wp","href":"https:\/\/api.w.org\/{rel}","templated":true}]}}