{"id":76539,"date":"2021-05-27T14:21:44","date_gmt":"2021-05-27T17:21:44","guid":{"rendered":"https:\/\/tvtecjundiai.com.br\/news\/?p=76539"},"modified":"2021-05-27T15:27:59","modified_gmt":"2021-05-27T18:27:59","slug":"covid-19-grupo-40-com-comorbidades-tera-agenda-aberta-nesta-sexta-feira-28","status":"publish","type":"post","link":"https:\/\/tvtecjundiai.com.br\/news\/2021\/05\/27\/covid-19-grupo-40-com-comorbidades-tera-agenda-aberta-nesta-sexta-feira-28\/","title":{"rendered":"COVID-19: Grupo 40+ com comorbidades ter\u00e1 agenda aberta nesta sexta-feira (28)"},"content":{"rendered":"\n<p>O agendamento eletr\u00f4nico pelo&nbsp;<a href=\"https:\/\/vacina.jundiai.sp.gov.br\/agendamento\/?rand=612472206978\">site da Prefeitura de Jundia\u00ed&nbsp;<\/a>ou pelo APP Jundia\u00ed da primeira dose de vacina contra a COVID-19 para pessoas com 40 anos ou mais que tenham comorbidades ser\u00e1 liberado nesta sexta-feira (28), \u00e0s 16h. A aplica\u00e7\u00e3o ser\u00e1 feita a partir de s\u00e1bado (29) em postos fixos para facilitar o acesso da popula\u00e7\u00e3o.<\/p>\n\n\n\n<p>\u201cAl\u00e9m de escolher o dia, local e hor\u00e1rio para a aplica\u00e7\u00e3o \u2013 que deve ser seguido rigorosamente, j\u00e1 que n\u00e3o h\u00e1 necessidade de chegar antes, pois a dose est\u00e1 reservada \u2013 a pessoa deve fazer o registro dos dados pessoais no site&nbsp;<a href=\"https:\/\/vacinaja.sp.gov.br\/\">VacinaJ\u00e1<\/a>, do Governo do Estado\u201d, explica a coordenadora da Vigil\u00e2ncia Epidemiol\u00f3gica (VE) da Unidade de Gest\u00e3o de Promo\u00e7\u00e3o da Sa\u00fade (UGPS), Maria do Carmo Possidente.<\/p>\n\n\n\n<figure class=\"wp-block-image size-large\"><img loading=\"lazy\" decoding=\"async\" width=\"1200\" height=\"800\" src=\"https:\/\/tvtecjundiai.com.br\/news\/wp-content\/uploads\/sites\/2\/2021\/05\/vacinacao_comorbidades_50_dal_santo-171-1200x800.jpg\" alt=\"\" class=\"wp-image-76540\" srcset=\"https:\/\/tvtecjundiai.com.br\/news\/wp-content\/uploads\/sites\/2\/2021\/05\/vacinacao_comorbidades_50_dal_santo-171-1200x800.jpg 1200w, https:\/\/tvtecjundiai.com.br\/news\/wp-content\/uploads\/sites\/2\/2021\/05\/vacinacao_comorbidades_50_dal_santo-171-300x200.jpg 300w, https:\/\/tvtecjundiai.com.br\/news\/wp-content\/uploads\/sites\/2\/2021\/05\/vacinacao_comorbidades_50_dal_santo-171-768x512.jpg 768w, https:\/\/tvtecjundiai.com.br\/news\/wp-content\/uploads\/sites\/2\/2021\/05\/vacinacao_comorbidades_50_dal_santo-171.jpg 1280w\" sizes=\"auto, (max-width: 1200px) 100vw, 1200px\" \/><figcaption>Vacina\u00e7\u00e3o ser\u00e1 aberta para pessoas com 40 anos ou mais que tenham comorbidades<\/figcaption><\/figure>\n\n\n\n<p>As comorbidades elencadas pelo Plano Nacional de Imuniza\u00e7\u00e3o podem ser consultadas pelo\u00a0<a href=\"https:\/\/jundiai.sp.gov.br\/coronavirus\/faq\/vacinacao-covid-19\/pessoas-com-quais-comorbidades-podem-ser-vacinadas-contra-a-covid-19\/\">site da Prefeitura de Jundia\u00ed<\/a>. No dia da vacina\u00e7\u00e3o, apresentar: documento que comprove a comorbidade, que pode ser receita m\u00e9dica ou relat\u00f3rio m\u00e9dico com CRM leg\u00edvel (constar CID ou descri\u00e7\u00e3o da doen\u00e7a correspondente), al\u00e9m de CPF, comprovante de endere\u00e7o e documento com foto. Pacientes oncol\u00f3gicos e demais pacientes imunossuprimidos dever\u00e3o apresentar obrigatoriamente a prescri\u00e7\u00e3o m\u00e9dica no dia da vacina\u00e7\u00e3o.<\/p>\n\n\n\n<p><em>(Texto\/Imagem: Prefeitura de Jundia\u00ed)<\/em><\/p>\n","protected":false},"excerpt":{"rendered":"<p>A aplica\u00e7\u00e3o ser\u00e1 feita a partir de s\u00e1bado (29) em postos fixos para facilitar o acesso da popula\u00e7\u00e3o<\/p>\n","protected":false},"author":28,"featured_media":76540,"comment_status":"closed","ping_status":"closed","sticky":false,"template":"","format":"standard","meta":{"footnotes":""},"categories":[8356,1],"tags":[],"class_list":["post-76539","post","type-post","status-publish","format-standard","has-post-thumbnail","hentry","category-jundiai","category-noticias"],"_links":{"self":[{"href":"https:\/\/tvtecjundiai.com.br\/news\/wp-json\/wp\/v2\/posts\/76539","targetHints":{"allow":["GET"]}}],"collection":[{"href":"https:\/\/tvtecjundiai.com.br\/news\/wp-json\/wp\/v2\/posts"}],"about":[{"href":"https:\/\/tvtecjundiai.com.br\/news\/wp-json\/wp\/v2\/types\/post"}],"author":[{"embeddable":true,"href":"https:\/\/tvtecjundiai.com.br\/news\/wp-json\/wp\/v2\/users\/28"}],"replies":[{"embeddable":true,"href":"https:\/\/tvtecjundiai.com.br\/news\/wp-json\/wp\/v2\/comments?post=76539"}],"version-history":[{"count":3,"href":"https:\/\/tvtecjundiai.com.br\/news\/wp-json\/wp\/v2\/posts\/76539\/revisions"}],"predecessor-version":[{"id":76554,"href":"https:\/\/tvtecjundiai.com.br\/news\/wp-json\/wp\/v2\/posts\/76539\/revisions\/76554"}],"wp:featuredmedia":[{"embeddable":true,"href":"https:\/\/tvtecjundiai.com.br\/news\/wp-json\/wp\/v2\/media\/76540"}],"wp:attachment":[{"href":"https:\/\/tvtecjundiai.com.br\/news\/wp-json\/wp\/v2\/media?parent=76539"}],"wp:term":[{"taxonomy":"category","embeddable":true,"href":"https:\/\/tvtecjundiai.com.br\/news\/wp-json\/wp\/v2\/categories?post=76539"},{"taxonomy":"post_tag","embeddable":true,"href":"https:\/\/tvtecjundiai.com.br\/news\/wp-json\/wp\/v2\/tags?post=76539"}],"curies":[{"name":"wp","href":"https:\/\/api.w.org\/{rel}","templated":true}]}}