{"id":76543,"date":"2021-05-27T14:43:27","date_gmt":"2021-05-27T17:43:27","guid":{"rendered":"https:\/\/tvtecjundiai.com.br\/news\/?p=76543"},"modified":"2021-05-27T14:43:27","modified_gmt":"2021-05-27T17:43:27","slug":"corpus-christi-tradicional-tapete-no-eloy-chaves-sera-feito-com-cartazes-pelos-paroquianos","status":"publish","type":"post","link":"https:\/\/tvtecjundiai.com.br\/news\/2021\/05\/27\/corpus-christi-tradicional-tapete-no-eloy-chaves-sera-feito-com-cartazes-pelos-paroquianos\/","title":{"rendered":"Corpus Christi: tradicional tapete no Eloy Chaves ser\u00e1 feito com cartazes pelos paroquianos"},"content":{"rendered":"\n<p>O tradicional tapete de Corpus Christi confeccionado por frequentadores da Par\u00f3quia S\u00e3o Jo\u00e3o Bosco, no bairro Eloy Chaves, em Jundia\u00ed, ser\u00e1 produzido com cartazes neste ano. De acordo com o p\u00e1roco, padre Michael Henrique, a alternativa para evitar aglomera\u00e7\u00e3o vai marcar o importante momento da Igreja Cat\u00f3lica com o que ela tem de melhor: a devo\u00e7\u00e3o e envolvimento dos fi\u00e9is.<\/p>\n\n\n\n<p>O religioso explicou que a hist\u00f3ria do tapete completa 33 anos neste ano. Em 2020, justamente no momento de maior pico da pandemia do novo coronav\u00edrus, a confec\u00e7\u00e3o teve de ser suspensa. \u201cO ano passado, para n\u00f3s, foi at\u00edpico. Como n\u00e3o tivemos o tapete devido \u00e0 pandemia, ap\u00f3s a missa n\u00f3s fomos aos bairros, de carro, passando com o Cristo pelas ruas e recolhendo mantimentos para as fam\u00edlias mais necessitadas, como gesto concreto. Foi a forma que encontramos para que pud\u00e9ssemos ter a participa\u00e7\u00e3o dos paroquianos neste momento t\u00e3o importante\u201d, comentou.<\/p>\n\n\n\n<figure class=\"wp-block-image size-large\"><img loading=\"lazy\" decoding=\"async\" width=\"1200\" height=\"799\" src=\"https:\/\/tvtecjundiai.com.br\/news\/wp-content\/uploads\/sites\/2\/2021\/05\/eloy3-1200x799.jpg\" alt=\"\" class=\"wp-image-76544\" srcset=\"https:\/\/tvtecjundiai.com.br\/news\/wp-content\/uploads\/sites\/2\/2021\/05\/eloy3-1200x799.jpg 1200w, https:\/\/tvtecjundiai.com.br\/news\/wp-content\/uploads\/sites\/2\/2021\/05\/eloy3-300x200.jpg 300w, https:\/\/tvtecjundiai.com.br\/news\/wp-content\/uploads\/sites\/2\/2021\/05\/eloy3-768x511.jpg 768w, https:\/\/tvtecjundiai.com.br\/news\/wp-content\/uploads\/sites\/2\/2021\/05\/eloy3.jpg 1280w\" sizes=\"auto, (max-width: 1200px) 100vw, 1200px\" \/><figcaption>Padre Michael Henrique, p\u00e1roco da par\u00f3quia S\u00e3o Jo\u00e3o Bosco<\/figcaption><\/figure>\n\n\n\n<p>Agora, a participa\u00e7\u00e3o dos fi\u00e9is ser\u00e1 ainda mais efetiva na produ\u00e7\u00e3o de tudo o que envolve o Corpus Christi. Nas missas e nas m\u00eddias sociais da par\u00f3quia, o padre Michael tem pedido que as pessoas produzam cartazes com o tema \u201cTomai e Comei\u201d para servir como tapete neste ano.<\/p>\n\n\n\n<p>\u201cAs fam\u00edlias podem produzir quantos cartazes quiserem, usando uma cartolina em tamanho padr\u00e3o (50 cm x 65 cm), na posi\u00e7\u00e3o horizontal e focados no tema definido. Elas devem entreg\u00e1-los at\u00e9 o pr\u00f3ximo dia 30, na secretaria da par\u00f3quia ou nas missas. Pedimos, tamb\u00e9m, a doa\u00e7\u00e3o de agasalhos infantis, tamanhos 2 ao 16, e cobertores. Tudo ser\u00e1 posteriormente repassado aos mais necessitados\u201d.<\/p>\n\n\n\n<p>A exemplo dos cartazes, as roupas e cobertores tamb\u00e9m devem ser entregues na par\u00f3quia. Para mais informa\u00e7\u00f5es, ligue 4582-4529, pelo Facebook (https:\/\/www.facebook.com\/sjoaoboscojundiai) ou Instagram (https:\/\/www.instagram.com\/sjoaoboscojundiai).<\/p>\n\n\n\n<p><strong>Hist\u00f3ria<\/strong><\/p>\n\n\n\n<p>Desde 1988, centenas de fi\u00e9is da Par\u00f3quia S\u00e3o Jo\u00e3o Bosco usam materiais como serragem colorida, gesso em p\u00f3, borra de caf\u00e9 e areia fina colorida para confec\u00e7\u00e3o do tapete de Corpus Christi. E haja serragem para todo este batalh\u00e3o de volunt\u00e1rios!<\/p>\n\n\n\n<p>Segundo os organizadores, 500 quilos ajudam a formar imagens e temas ligados \u00e0 Igreja Cat\u00f3lica, num trecho de 400 metros da avenida Carlos Veiga (avenida da UBS do Eloy Chaves). Ap\u00f3s a realiza\u00e7\u00e3o da festa, todas as equipes retornam ao tapete para a limpeza da avenida.<\/p>\n\n\n\n<p>Neste ano, a organiza\u00e7\u00e3o do Corpus Christi estima que pelo menos 300 cartazes sejam necess\u00e1rios para o espa\u00e7o determinado para a cria\u00e7\u00e3o do tapete &#8211; que faz parte do Calend\u00e1rio Municipal de Eventos h\u00e1 nove anos.<\/p>\n\n\n\n<p>As missas do dia 3 de junho ser\u00e3o realizadas \u00e0s 8h, 10h30 e 16h &#8211; as duas \u00faltimas, inclusive, ter\u00e3o a ben\u00e7\u00e3o de Jesus Eucar\u00edstico e transmiss\u00e3o pelas m\u00eddias sociais da par\u00f3quia. O agendamento j\u00e1 est\u00e1 liberado pelo site &#8211; paroquia-sao-joao-bosco2.reservio.com.<\/p>\n\n\n\n<p><em>(Texto\/Imagem: Assessoria de Imprensa)<\/em><\/p>\n","protected":false},"excerpt":{"rendered":"<p>Em 2020, no momento de maior pico da pandemia do novo Coronav\u00edrus, a confec\u00e7\u00e3o teve de ser suspensa<\/p>\n","protected":false},"author":28,"featured_media":76544,"comment_status":"closed","ping_status":"closed","sticky":false,"template":"","format":"standard","meta":{"footnotes":""},"categories":[8356,1],"tags":[],"class_list":["post-76543","post","type-post","status-publish","format-standard","has-post-thumbnail","hentry","category-jundiai","category-noticias"],"_links":{"self":[{"href":"https:\/\/tvtecjundiai.com.br\/news\/wp-json\/wp\/v2\/posts\/76543","targetHints":{"allow":["GET"]}}],"collection":[{"href":"https:\/\/tvtecjundiai.com.br\/news\/wp-json\/wp\/v2\/posts"}],"about":[{"href":"https:\/\/tvtecjundiai.com.br\/news\/wp-json\/wp\/v2\/types\/post"}],"author":[{"embeddable":true,"href":"https:\/\/tvtecjundiai.com.br\/news\/wp-json\/wp\/v2\/users\/28"}],"replies":[{"embeddable":true,"href":"https:\/\/tvtecjundiai.com.br\/news\/wp-json\/wp\/v2\/comments?post=76543"}],"version-history":[{"count":1,"href":"https:\/\/tvtecjundiai.com.br\/news\/wp-json\/wp\/v2\/posts\/76543\/revisions"}],"predecessor-version":[{"id":76545,"href":"https:\/\/tvtecjundiai.com.br\/news\/wp-json\/wp\/v2\/posts\/76543\/revisions\/76545"}],"wp:featuredmedia":[{"embeddable":true,"href":"https:\/\/tvtecjundiai.com.br\/news\/wp-json\/wp\/v2\/media\/76544"}],"wp:attachment":[{"href":"https:\/\/tvtecjundiai.com.br\/news\/wp-json\/wp\/v2\/media?parent=76543"}],"wp:term":[{"taxonomy":"category","embeddable":true,"href":"https:\/\/tvtecjundiai.com.br\/news\/wp-json\/wp\/v2\/categories?post=76543"},{"taxonomy":"post_tag","embeddable":true,"href":"https:\/\/tvtecjundiai.com.br\/news\/wp-json\/wp\/v2\/tags?post=76543"}],"curies":[{"name":"wp","href":"https:\/\/api.w.org\/{rel}","templated":true}]}}