{"id":76546,"date":"2021-05-27T14:50:14","date_gmt":"2021-05-27T17:50:14","guid":{"rendered":"https:\/\/tvtecjundiai.com.br\/news\/?p=76546"},"modified":"2021-05-27T14:50:15","modified_gmt":"2021-05-27T17:50:15","slug":"sebrae-e-senac-contemplam-alunos-em-lista-de-espera-de-curso-sobre-empreendedorismo","status":"publish","type":"post","link":"https:\/\/tvtecjundiai.com.br\/news\/2021\/05\/27\/sebrae-e-senac-contemplam-alunos-em-lista-de-espera-de-curso-sobre-empreendedorismo\/","title":{"rendered":"Sebrae e Senac contemplam alunos em lista de espera de curso sobre empreendedorismo"},"content":{"rendered":"\n<p>Em virtude da grande procura pelo curso&nbsp;\u201cEmpreenda R\u00e1pido Senac \u2013 Entenda melhor seu cliente e venda mais\u201d, o Sebrae e o Senac, parceiros do Fundo Social de Solidariedade de Jundia\u00ed (Funss), abriram&nbsp;outras duas turmas on-line. Os grupos foram formados a partir da lista de espera.<\/p>\n\n\n\n<figure class=\"wp-block-image size-large\"><img loading=\"lazy\" decoding=\"async\" width=\"1200\" height=\"817\" src=\"https:\/\/tvtecjundiai.com.br\/news\/wp-content\/uploads\/sites\/2\/2021\/05\/curso-on-line-1200x817.jpg\" alt=\"\" class=\"wp-image-76547\" srcset=\"https:\/\/tvtecjundiai.com.br\/news\/wp-content\/uploads\/sites\/2\/2021\/05\/curso-on-line-1200x817.jpg 1200w, https:\/\/tvtecjundiai.com.br\/news\/wp-content\/uploads\/sites\/2\/2021\/05\/curso-on-line-300x204.jpg 300w, https:\/\/tvtecjundiai.com.br\/news\/wp-content\/uploads\/sites\/2\/2021\/05\/curso-on-line-768x523.jpg 768w, https:\/\/tvtecjundiai.com.br\/news\/wp-content\/uploads\/sites\/2\/2021\/05\/curso-on-line.jpg 1280w\" sizes=\"auto, (max-width: 1200px) 100vw, 1200px\" \/><figcaption>Grupos foram formados a partir da lista de espera<\/figcaption><\/figure>\n\n\n\n<p>Confira abaixo os nomes dos alunos inscritos:<\/p>\n\n\n\n<p><strong>SEGUNDA TURMA: \u201cEmpreenda R\u00e1pido Senac \u2013 Entenda melhor seu cliente e venda mais\u201d<\/strong><\/p>\n\n\n\n<p><strong>Datas: 01, 02, 08 e 09\/06\/2021<\/strong><\/p>\n\n\n\n<p><strong>Hor\u00e1rio: 14h \u00e0s 18h.<\/strong><\/p>\n\n\n\n<p>1.&nbsp;&nbsp;&nbsp;&nbsp;&nbsp;&nbsp;Ligia Pedulla Pessoa<\/p>\n\n\n\n<p>2.&nbsp;&nbsp;&nbsp;&nbsp;&nbsp;&nbsp;Mariana Oliveira Santos<\/p>\n\n\n\n<p>3.&nbsp;&nbsp;&nbsp;&nbsp;&nbsp;&nbsp;Nadir Alves Souza Ibidi<\/p>\n\n\n\n<p>4.&nbsp;&nbsp;&nbsp;&nbsp;&nbsp;&nbsp;Erica Rusian Chioqueti Batista<\/p>\n\n\n\n<p>5.&nbsp;&nbsp;&nbsp;&nbsp;&nbsp;&nbsp;Tulio Henrique Amarante<\/p>\n\n\n\n<p>6.&nbsp;&nbsp;&nbsp;&nbsp;&nbsp;&nbsp;Mykalla Ribeiro Meireles<\/p>\n\n\n\n<p>7.&nbsp;&nbsp;&nbsp;&nbsp;&nbsp;&nbsp;Amanda Beatriz Gon\u00e7alves<\/p>\n\n\n\n<p>8.&nbsp;&nbsp;&nbsp;&nbsp;&nbsp;&nbsp;Suellen Gabriela Ferreira Silva<\/p>\n\n\n\n<p>9.&nbsp;&nbsp;&nbsp;&nbsp;&nbsp;&nbsp;Jaqueline Bizarria<\/p>\n\n\n\n<p>10.&nbsp;&nbsp;Aline Da Silva Andrade<\/p>\n\n\n\n<p>11.&nbsp;&nbsp;Daniele Alc\u00e2ntara de Almeida Corr\u00eaa<\/p>\n\n\n\n<p>12.&nbsp;&nbsp;Giovanna Cristina Silva Martins<\/p>\n\n\n\n<p>13.&nbsp;&nbsp;Thalles Henrique Carvalho Ribeiro<\/p>\n\n\n\n<p>14.&nbsp;&nbsp;Jessica Alves da Silva Guerino<\/p>\n\n\n\n<p>15.&nbsp;&nbsp;Tania Regina Zamboli Marini<\/p>\n\n\n\n<p>16.&nbsp;&nbsp;Adriana Mota Ven\u00e2ncio<\/p>\n\n\n\n<p>17.&nbsp;&nbsp;Iolanda Ara\u00fajo de Sousa<\/p>\n\n\n\n<p>18.&nbsp;&nbsp;THAISA Gabrielle Milit\u00e3o Caites<\/p>\n\n\n\n<p>19.&nbsp;&nbsp;Beatriz Fernanda Louren\u00e7on<\/p>\n\n\n\n<p>20.&nbsp;&nbsp;Rafael Pereira Gomes<\/p>\n\n\n\n<p>21.&nbsp;&nbsp;Vanessa Cristina Oliveira Cyrino<\/p>\n\n\n\n<p>22.&nbsp;&nbsp;Vanessa Garcia de Moraes<\/p>\n\n\n\n<p>23.&nbsp;&nbsp;Milena Bianchini<\/p>\n\n\n\n<p>24.&nbsp;&nbsp;Solange Aparecida Dias Ferreira Bueno<\/p>\n\n\n\n<p>25.&nbsp;&nbsp;Michelle Roxane de Souza Piaia<\/p>\n\n\n\n<p>26.&nbsp;&nbsp;Henrique Cassebe Ledo Pelegrine<\/p>\n\n\n\n<p>27.&nbsp;&nbsp;Daniel Silva<\/p>\n\n\n\n<p>28.&nbsp;&nbsp;Margarete Bueno Pinardi<\/p>\n\n\n\n<p>29.&nbsp;&nbsp;Karina Camila Laia<\/p>\n\n\n\n<p>30.&nbsp;&nbsp;Margarete Milani Fleury Charmillot<\/p>\n\n\n\n<p><strong>TERCEIRA TURMA: \u201cEmpreenda R\u00e1pido Senac \u2013 Entenda melhor seu cliente e venda mais\u201d<\/strong><\/p>\n\n\n\n<p><strong>Datas: 01, 02, 08 e 09\/06\/2021<\/strong><\/p>\n\n\n\n<p><strong>Hor\u00e1rio: 14h \u00e0s 18h<\/strong>.<\/p>\n\n\n\n<p>1.&nbsp;&nbsp;&nbsp;&nbsp;&nbsp;&nbsp;Maira Dandara Felicio Rossi<\/p>\n\n\n\n<p>2.&nbsp;&nbsp;&nbsp;&nbsp;&nbsp;&nbsp;Nat\u00e1lia de Souza Ara\u00fajo<\/p>\n\n\n\n<p>3.&nbsp;&nbsp;&nbsp;&nbsp;&nbsp;&nbsp;Jaqueline Sampaio<\/p>\n\n\n\n<p>4.&nbsp;&nbsp;&nbsp;&nbsp;&nbsp;&nbsp;Renata Cristina Bonini<\/p>\n\n\n\n<p>5.&nbsp;&nbsp;&nbsp;&nbsp;&nbsp;&nbsp;Mariana Oliveira Santos<\/p>\n\n\n\n<p>6.&nbsp;&nbsp;&nbsp;&nbsp;&nbsp;&nbsp;Keila Bueno dos Santos<\/p>\n\n\n\n<p>7.&nbsp;&nbsp;&nbsp;&nbsp;&nbsp;&nbsp;Silvia Regina Dini<\/p>\n\n\n\n<p>8.&nbsp;&nbsp;&nbsp;&nbsp;&nbsp;&nbsp;Cristiane Pereira de Ara\u00fajo Olimpio<\/p>\n\n\n\n<p>9.&nbsp;&nbsp;&nbsp;&nbsp;&nbsp;&nbsp;Mayara Fornaro Amadi<\/p>\n\n\n\n<p>10.&nbsp;&nbsp;Luciana Luczkiewicz de Lima<\/p>\n\n\n\n<p>11.&nbsp;&nbsp;Ausdete Pacheco Ferreira<\/p>\n\n\n\n<p>12.&nbsp;&nbsp;Tainis Aureliano Barbosa<\/p>\n\n\n\n<p>13.&nbsp;&nbsp;Jackeline Ribeiro Videira<\/p>\n\n\n\n<p>14.&nbsp;&nbsp;Daiana Rainla Soares dos Santos<\/p>\n\n\n\n<p>15.&nbsp;&nbsp;Vanessa Stefaneli<\/p>\n\n\n\n<p>16.&nbsp;&nbsp;Kiara Cristina Neves<\/p>\n\n\n\n<p>17.&nbsp;&nbsp;Daiane da Silva<\/p>\n\n\n\n<p>18.&nbsp;&nbsp;Rosane Fernandes Peres<\/p>\n\n\n\n<p>19.&nbsp;&nbsp;Eliane Monteiro Leopoldino<\/p>\n\n\n\n<p>20.&nbsp;&nbsp;Patr\u00edcia Siqueira Franco<\/p>\n\n\n\n<p>21.&nbsp;&nbsp;Virginia Nunes Barbosa<\/p>\n\n\n\n<p>22.&nbsp;&nbsp;Wilian Jorge Batista<\/p>\n\n\n\n<p>23.&nbsp;&nbsp;Vanessa de Oliveira Rodrigues<\/p>\n\n\n\n<p>24.&nbsp;&nbsp;Carla Patr\u00edcia Vieira Felipe<\/p>\n\n\n\n<p>25.&nbsp;&nbsp;Gilvan Muniz de Sousa<\/p>\n\n\n\n<p>26.&nbsp;&nbsp;Fernando Braga Pinto<\/p>\n\n\n\n<p>27.&nbsp;&nbsp;Elke Alves dos Santos<\/p>\n\n\n\n<p>28.&nbsp;&nbsp;Isabel Cristina do Prado<\/p>\n\n\n\n<p>29.&nbsp;&nbsp;Anderson Renato de Carvalho Rossignol<\/p>\n\n\n\n<p>30.&nbsp;&nbsp;Rafaele Marquini Franco<\/p>\n\n\n\n<p>Os alunos poder\u00e3o assistir as aulas pela plataforma virtual Microsoft Teams. O Sebrae e Senac ser\u00e3o respons\u00e1veis por informar os inscritos sobre o\u00a0<em>link<\/em>\u00a0da Sala Virtual, bem como apoiar o acesso ao sistema.\u00a0Informa\u00e7\u00f5es pelos telefones: (11) 4521-2762, 4521-2929 e 4521-6833.<\/p>\n\n\n\n<p><em>(Texto\/Imagem: Prefeitura de Jundia\u00ed)<\/em><\/p>\n","protected":false},"excerpt":{"rendered":"<p>Os novos grupos foram formados a partir da lista de espera<\/p>\n","protected":false},"author":28,"featured_media":76547,"comment_status":"closed","ping_status":"closed","sticky":false,"template":"","format":"standard","meta":{"footnotes":""},"categories":[8356,1],"tags":[],"class_list":["post-76546","post","type-post","status-publish","format-standard","has-post-thumbnail","hentry","category-jundiai","category-noticias"],"_links":{"self":[{"href":"https:\/\/tvtecjundiai.com.br\/news\/wp-json\/wp\/v2\/posts\/76546","targetHints":{"allow":["GET"]}}],"collection":[{"href":"https:\/\/tvtecjundiai.com.br\/news\/wp-json\/wp\/v2\/posts"}],"about":[{"href":"https:\/\/tvtecjundiai.com.br\/news\/wp-json\/wp\/v2\/types\/post"}],"author":[{"embeddable":true,"href":"https:\/\/tvtecjundiai.com.br\/news\/wp-json\/wp\/v2\/users\/28"}],"replies":[{"embeddable":true,"href":"https:\/\/tvtecjundiai.com.br\/news\/wp-json\/wp\/v2\/comments?post=76546"}],"version-history":[{"count":1,"href":"https:\/\/tvtecjundiai.com.br\/news\/wp-json\/wp\/v2\/posts\/76546\/revisions"}],"predecessor-version":[{"id":76548,"href":"https:\/\/tvtecjundiai.com.br\/news\/wp-json\/wp\/v2\/posts\/76546\/revisions\/76548"}],"wp:featuredmedia":[{"embeddable":true,"href":"https:\/\/tvtecjundiai.com.br\/news\/wp-json\/wp\/v2\/media\/76547"}],"wp:attachment":[{"href":"https:\/\/tvtecjundiai.com.br\/news\/wp-json\/wp\/v2\/media?parent=76546"}],"wp:term":[{"taxonomy":"category","embeddable":true,"href":"https:\/\/tvtecjundiai.com.br\/news\/wp-json\/wp\/v2\/categories?post=76546"},{"taxonomy":"post_tag","embeddable":true,"href":"https:\/\/tvtecjundiai.com.br\/news\/wp-json\/wp\/v2\/tags?post=76546"}],"curies":[{"name":"wp","href":"https:\/\/api.w.org\/{rel}","templated":true}]}}