{"id":76549,"date":"2021-05-27T15:25:27","date_gmt":"2021-05-27T18:25:27","guid":{"rendered":"https:\/\/tvtecjundiai.com.br\/news\/?p=76549"},"modified":"2021-05-27T15:25:27","modified_gmt":"2021-05-27T18:25:27","slug":"maxi-shopping-recebe-exposicao-gratuita-de-arte-ate-13-de-junho","status":"publish","type":"post","link":"https:\/\/tvtecjundiai.com.br\/news\/2021\/05\/27\/maxi-shopping-recebe-exposicao-gratuita-de-arte-ate-13-de-junho\/","title":{"rendered":"Maxi Shopping recebe exposi\u00e7\u00e3o gratuita de arte at\u00e9 13 de junho"},"content":{"rendered":"\n<p>Buscando valorizar e divulgar a arte e a cultura de Jundia\u00ed e Regi\u00e3o, o Maxi Shopping Jundia\u00ed e a curadora internacional Sandra Setti promovem, de 2 a 13 de junho, uma galeria tempor\u00e1ria nas depend\u00eancias do shopping, com apresenta\u00e7\u00e3o de obras de diversos artistas.<\/p>\n\n\n\n<p>A iniciativa partiu da conflu\u00eancia de ideais da diretoria do Maxi Shopping e da curadora, no sentido de enaltecer a cultura local e privilegiar os artistas da cidade, exibindo a qualidade de profissionais de Jundia\u00ed e Regi\u00e3o em incentivo a uma classe profundamente afetada pela pandemia da COVID-19.<\/p>\n\n\n\n<p>Durante dez dias, a galeria instalada no segundo piso do Maxi Shopping, estar\u00e1 com atendimento dentro de todos os protocolos estipulados pelo Minist\u00e9rio da Sa\u00fade.<\/p>\n\n\n\n<p>Dentre os artistas participantes, o p\u00fablico poder\u00e1 apreciar pinturas de nomes de destaque em Jundia\u00ed, entre eles os \u00edcones das artes pl\u00e1sticas na cidade, Inos Corradin, Elvio Santiago, Yeda Sandoval, Gisele Ulisse, Ana Goulart, Fernando Storani, Mariana Maia, Clayton Silva, Alice Vilhena, Sandro Corradin e Christiane Grigoletto. A Regi\u00e3o se faz representar pelas obras de Eliete Tordin, Alexandre Filiage e o internacional Adelio Sarro.<\/p>\n\n\n\n<div class=\"wp-block-image\"><figure class=\"aligncenter size-large\"><img loading=\"lazy\" decoding=\"async\" width=\"301\" height=\"431\" src=\"https:\/\/tvtecjundiai.com.br\/news\/wp-content\/uploads\/sites\/2\/2021\/05\/Maxi-Galeria-Temporaria-Inos-Corradin-Equilibrista.jpg\" alt=\"\" class=\"wp-image-76550\" \/><figcaption>Obras de Inos Corradin estar\u00e3o expostas<\/figcaption><\/figure><\/div>\n\n\n\n<p>Esculturas de pequeno e m\u00e9dio porte de Inos Corradin e Adelio Sarro far\u00e3o parte da linha de pe\u00e7as de decora\u00e7\u00e3o e design, juntamente com obras em papier march\u00e9 de Jo\u00e3o Paulo Raimundo e cer\u00e2micas de Flavia Pircher, todos com curriculum internacional.<\/p>\n\n\n\n<p>O objetivo principal \u00e9 contribuir com os artistas regionais, expondo seus trabalhos e possibilitando sua divulga\u00e7\u00e3o em ponto de grande movimento. Apresentar o que tem sido produzido no per\u00edodo da pandemia e oferecer a oportunidade aos frequentadores de apreciarem obras de qualidade com estilos, t\u00e9cnicas e recursos variados.<\/p>\n\n\n\n<p>Trabalhos figurativos, abstratos, impressionistas e naifs poder\u00e3o ser vistos no per\u00edodo da exposi\u00e7\u00e3o que contar\u00e1 com aproximadamente 50 pe\u00e7as entre quadros, esculturas e objetos.<\/p>\n\n\n\n<figure class=\"wp-block-image size-large\"><img loading=\"lazy\" decoding=\"async\" width=\"970\" height=\"639\" src=\"https:\/\/tvtecjundiai.com.br\/news\/wp-content\/uploads\/sites\/2\/2021\/05\/Maxi-Galeria-Temporaria-Elvio-Santiago-2.jpg\" alt=\"\" class=\"wp-image-76551\" srcset=\"https:\/\/tvtecjundiai.com.br\/news\/wp-content\/uploads\/sites\/2\/2021\/05\/Maxi-Galeria-Temporaria-Elvio-Santiago-2.jpg 970w, https:\/\/tvtecjundiai.com.br\/news\/wp-content\/uploads\/sites\/2\/2021\/05\/Maxi-Galeria-Temporaria-Elvio-Santiago-2-300x198.jpg 300w, https:\/\/tvtecjundiai.com.br\/news\/wp-content\/uploads\/sites\/2\/2021\/05\/Maxi-Galeria-Temporaria-Elvio-Santiago-2-768x506.jpg 768w\" sizes=\"auto, (max-width: 970px) 100vw, 970px\" \/><figcaption>O artista Elvio Santiago ser\u00e1 um dos nomes expostos no Maxi Shopping<\/figcaption><\/figure>\n\n\n\n<p>Em homenagem p\u00f3stuma, simbolizando os desastrosos efeitos da COVID-19, gravuras do artista pl\u00e1stico Kenji Fukuda estar\u00e3o expostas em oportunidade rara.<\/p>\n\n\n\n<p>Neste per\u00edodo t\u00e3o dif\u00edcil para a classe art\u00edstica em geral, iniciativas desta natureza buscam valorizar todos aqueles que por interm\u00e9dio de sua arte estimulam o crescimento social, instruem por meio de seus trabalhos e lan\u00e7am novas perspectivas aos apreciadores, iluminando ambientes e gerando bem- estar entre seus moradores.<\/p>\n\n\n\n<p><strong>Servi\u00e7o:<\/strong><br>O que: Galeria Tempor\u00e1ria \u201cArt Connection\u201d<br>Onde: Maxi Shopping Jundia\u00ed &#8211; Av. Ant\u00f4nio Frederico Ozanan, 6000 \u2013 Segundo Piso<br>Quando: de 2 a 13 de junho<br>Hor\u00e1rios: de segunda a s\u00e1bado das 10h \u00e0s 22h \u2013 domingos e feriados das 14h \u00e0s 20h<br>Curadoria: Sandra Setti<br>Apoio: Stock Brasil e Dep\u00f3sito Moringa<\/p>\n\n\n\n<p><em>(Texto\/Imagem: Assessoria de Imprensa)<\/em><\/p>\n","protected":false},"excerpt":{"rendered":"<p>P\u00fablico poder\u00e1 apreciar pinturas de nomes de destaque em Jundia\u00ed, como Inos Corradin e Elvio Santiago<\/p>\n","protected":false},"author":28,"featured_media":76551,"comment_status":"closed","ping_status":"closed","sticky":false,"template":"","format":"standard","meta":{"footnotes":""},"categories":[8356,1],"tags":[],"class_list":["post-76549","post","type-post","status-publish","format-standard","has-post-thumbnail","hentry","category-jundiai","category-noticias"],"_links":{"self":[{"href":"https:\/\/tvtecjundiai.com.br\/news\/wp-json\/wp\/v2\/posts\/76549","targetHints":{"allow":["GET"]}}],"collection":[{"href":"https:\/\/tvtecjundiai.com.br\/news\/wp-json\/wp\/v2\/posts"}],"about":[{"href":"https:\/\/tvtecjundiai.com.br\/news\/wp-json\/wp\/v2\/types\/post"}],"author":[{"embeddable":true,"href":"https:\/\/tvtecjundiai.com.br\/news\/wp-json\/wp\/v2\/users\/28"}],"replies":[{"embeddable":true,"href":"https:\/\/tvtecjundiai.com.br\/news\/wp-json\/wp\/v2\/comments?post=76549"}],"version-history":[{"count":1,"href":"https:\/\/tvtecjundiai.com.br\/news\/wp-json\/wp\/v2\/posts\/76549\/revisions"}],"predecessor-version":[{"id":76552,"href":"https:\/\/tvtecjundiai.com.br\/news\/wp-json\/wp\/v2\/posts\/76549\/revisions\/76552"}],"wp:featuredmedia":[{"embeddable":true,"href":"https:\/\/tvtecjundiai.com.br\/news\/wp-json\/wp\/v2\/media\/76551"}],"wp:attachment":[{"href":"https:\/\/tvtecjundiai.com.br\/news\/wp-json\/wp\/v2\/media?parent=76549"}],"wp:term":[{"taxonomy":"category","embeddable":true,"href":"https:\/\/tvtecjundiai.com.br\/news\/wp-json\/wp\/v2\/categories?post=76549"},{"taxonomy":"post_tag","embeddable":true,"href":"https:\/\/tvtecjundiai.com.br\/news\/wp-json\/wp\/v2\/tags?post=76549"}],"curies":[{"name":"wp","href":"https:\/\/api.w.org\/{rel}","templated":true}]}}