{"id":76555,"date":"2021-05-27T16:18:18","date_gmt":"2021-05-27T19:18:18","guid":{"rendered":"https:\/\/tvtecjundiai.com.br\/news\/?p=76555"},"modified":"2021-05-27T16:18:18","modified_gmt":"2021-05-27T19:18:18","slug":"2a-festa-literaria-de-jundiai-traz-espaco-de-divulgacao-do-trabalho-de-autores-da-cidade","status":"publish","type":"post","link":"https:\/\/tvtecjundiai.com.br\/news\/2021\/05\/27\/2a-festa-literaria-de-jundiai-traz-espaco-de-divulgacao-do-trabalho-de-autores-da-cidade\/","title":{"rendered":"2\u00aa Festa Liter\u00e1ria de Jundia\u00ed traz espa\u00e7o de divulga\u00e7\u00e3o do trabalho de autores da cidade"},"content":{"rendered":"\n<p>Al\u00e9m das mesas de entrevistas com escritores e das oficinas liter\u00e1rias virtuais, a 2\u00aa Festa Liter\u00e1ria de Jundia\u00ed (FLIJ) traz em seu site uma p\u00e1gina especial para que autores e autoras da cidade divulguem seus livros ou e-books.<\/p>\n\n\n\n<p>A p\u00e1gina conta com cerca de 100 obras liter\u00e1rias publicadas por mais de 50 autores que se inscreveram. Al\u00e9m da capa e das informa\u00e7\u00f5es como classifica\u00e7\u00e3o et\u00e1ria, ano de publica\u00e7\u00e3o, G\u00eanero liter\u00e1rio e sinopse, os interessados tamb\u00e9m encontram os contatos de telefone, WhatsApp e e-mail caso queiram adquirir os materiais.<\/p>\n\n\n\n<p>Para o gestor da Unidade de Gest\u00e3o de Cultura (UGC), Marcelo Peroni, o objetivo da iniciativa \u00e9 de valorizar e divulgar a produ\u00e7\u00e3o local. \u201cEm nossas pol\u00edticas p\u00fablicas, neste caso para a literatura, consideramos muito importante identificar quais e quantos s\u00e3o os escritores locais e dar maior visibilidade \u00e0 sua produ\u00e7\u00e3o. Assim fomentamos o seu trabalho e a popula\u00e7\u00e3o fica sabendo do tem sido produzido na cidade\u201d.<\/p>\n\n\n\n<p>A 2\u00aa FLIJ \u00e9 uma realiza\u00e7\u00e3o da UGC com o apoio da TVTEM e a parceria com o Conselho Municipal de Pol\u00edtica Cultural de Jundia\u00ed (CMPC).<\/p>\n\n\n\n<figure class=\"wp-block-image size-large\"><img loading=\"lazy\" decoding=\"async\" width=\"1200\" height=\"800\" src=\"https:\/\/tvtecjundiai.com.br\/news\/wp-content\/uploads\/sites\/2\/2021\/05\/flij_leitura-3-1200x800.jpg\" alt=\"\" class=\"wp-image-76556\" srcset=\"https:\/\/tvtecjundiai.com.br\/news\/wp-content\/uploads\/sites\/2\/2021\/05\/flij_leitura-3-1200x800.jpg 1200w, https:\/\/tvtecjundiai.com.br\/news\/wp-content\/uploads\/sites\/2\/2021\/05\/flij_leitura-3-300x200.jpg 300w, https:\/\/tvtecjundiai.com.br\/news\/wp-content\/uploads\/sites\/2\/2021\/05\/flij_leitura-3-768x512.jpg 768w, https:\/\/tvtecjundiai.com.br\/news\/wp-content\/uploads\/sites\/2\/2021\/05\/flij_leitura-3.jpg 1280w\" sizes=\"auto, (max-width: 1200px) 100vw, 1200px\" \/><figcaption>Site da Festa cont\u00e9m p\u00e1gina especial com as divulga\u00e7\u00f5es das obras de autores e autoras da cidade<\/figcaption><\/figure>\n\n\n\n<p><strong>Programa\u00e7\u00e3o<\/strong><br>A FLIJ vai at\u00e9 este domingo (30). Nesta quinta (27), est\u00e1 programada para as 19h30 a entrevista com os autores Cacau Braga, Carime Pinhatti, Victor Almeida e Mell Ferraz com o tema \u201cBooktubers \u2013 A literatura atrav\u00e9s das m\u00eddias sociais\u201d.<\/p>\n\n\n\n<p>Nesta sexta (28), logo \u00e0s 15h30 tem a oficina liter\u00e1ria virtual sobre \u201cComo publicar seu livro?\u201d, com Jo\u00e3o Varella, e, a partir das 19h30, a entrevista com os autores jundiaienses Davi Sim\u00e3o Junior, Guilherme Rueda, Hildon Vital de Melo, Mara L\u00edgia Biancardi e Priscila Modanesi.<\/p>\n\n\n\n<p>No s\u00e1bado (28), \u00e0s 10h, tem a entrevista com Francesco Tonucci, sobre \u201cO protagonismo da crian\u00e7a, sua forma\u00e7\u00e3o e sua rela\u00e7\u00e3o com a cidade\u201d; \u00e0s 15h, a entrevista com Ilan Brenman, sobre \u201cA literatura contempor\u00e2nea infantil e juvenil\u201d; \u00e0s 17h, a oficina liter\u00e1ria virtual sobre \u201cCen\u00e1rios Invis\u00edveis \u2013 Foto\/literatura\/jornalismo\u201d, com Jo\u00e3o Correia Filho; e \u00e0s 19h, a entrevista com Mel Duarte, sobre \u201cSlam, poesia e performance da resist\u00eancia\u201d.<\/p>\n\n\n\n<p>Encerrando a programa\u00e7\u00e3o, no domingo (30), est\u00e3o programadas a entrevista com Lia Crespo, \u00e0s 10h, sobre \u201cA inclus\u00e3o atrav\u00e9s da literatura infantil\u201d; \u00e0s 17h, a entrevista com Thiego Novais, sobre \u201cHarry Potter, 20 anos de magia\u201d; e \u00e0s 19h, a entrevista com Thalita Rebou\u00e7as, sobre \u201cLiteratura e comunica\u00e7\u00e3o com o universo juvenil\u201d.<\/p>\n\n\n\n<p>Toda a programa\u00e7\u00e3o pode ser conferida no site da Festa e nos canais da Unidade de Gest\u00e3o de Cultura (UGC) no Facebook e YouTube.<\/p>\n\n\n\n<p><em>(Texto\/Imagem: Prefeitura de Jundia\u00ed)<\/em><\/p>\n","protected":false},"excerpt":{"rendered":"<p>Nesta sexta (28), logo \u00e0s 15h30 tem a oficina liter\u00e1ria virtual sobre \u201cComo publicar seu livro?\u201d<\/p>\n","protected":false},"author":28,"featured_media":76556,"comment_status":"closed","ping_status":"closed","sticky":false,"template":"","format":"standard","meta":{"footnotes":""},"categories":[8356,1],"tags":[],"class_list":["post-76555","post","type-post","status-publish","format-standard","has-post-thumbnail","hentry","category-jundiai","category-noticias"],"_links":{"self":[{"href":"https:\/\/tvtecjundiai.com.br\/news\/wp-json\/wp\/v2\/posts\/76555","targetHints":{"allow":["GET"]}}],"collection":[{"href":"https:\/\/tvtecjundiai.com.br\/news\/wp-json\/wp\/v2\/posts"}],"about":[{"href":"https:\/\/tvtecjundiai.com.br\/news\/wp-json\/wp\/v2\/types\/post"}],"author":[{"embeddable":true,"href":"https:\/\/tvtecjundiai.com.br\/news\/wp-json\/wp\/v2\/users\/28"}],"replies":[{"embeddable":true,"href":"https:\/\/tvtecjundiai.com.br\/news\/wp-json\/wp\/v2\/comments?post=76555"}],"version-history":[{"count":1,"href":"https:\/\/tvtecjundiai.com.br\/news\/wp-json\/wp\/v2\/posts\/76555\/revisions"}],"predecessor-version":[{"id":76557,"href":"https:\/\/tvtecjundiai.com.br\/news\/wp-json\/wp\/v2\/posts\/76555\/revisions\/76557"}],"wp:featuredmedia":[{"embeddable":true,"href":"https:\/\/tvtecjundiai.com.br\/news\/wp-json\/wp\/v2\/media\/76556"}],"wp:attachment":[{"href":"https:\/\/tvtecjundiai.com.br\/news\/wp-json\/wp\/v2\/media?parent=76555"}],"wp:term":[{"taxonomy":"category","embeddable":true,"href":"https:\/\/tvtecjundiai.com.br\/news\/wp-json\/wp\/v2\/categories?post=76555"},{"taxonomy":"post_tag","embeddable":true,"href":"https:\/\/tvtecjundiai.com.br\/news\/wp-json\/wp\/v2\/tags?post=76555"}],"curies":[{"name":"wp","href":"https:\/\/api.w.org\/{rel}","templated":true}]}}