{"id":76565,"date":"2021-05-27T17:08:48","date_gmt":"2021-05-27T20:08:48","guid":{"rendered":"https:\/\/tvtecjundiai.com.br\/news\/?p=76565"},"modified":"2021-05-27T17:28:12","modified_gmt":"2021-05-27T20:28:12","slug":"diocese-de-jundiai-anuncia-falecimento-do-diacono-irvando-luiz-2","status":"publish","type":"post","link":"https:\/\/tvtecjundiai.com.br\/news\/2021\/05\/27\/diocese-de-jundiai-anuncia-falecimento-do-diacono-irvando-luiz-2\/","title":{"rendered":"Diocese de Jundia\u00ed anuncia falecimento do di\u00e1cono Irvando Luiz"},"content":{"rendered":"\n<p>A Diocese de Jundia\u00ed comunicou o falecimento do di\u00e1cono Irvando Luiz Ferreira da Silva, na tarde desta quinta-feira (27), em decorr\u00eancia de complica\u00e7\u00f5es causadas pela COVID-19.<\/p>\n\n\n\n<p>Irvando estava \u00e0 frente do col\u00e9gio diaconal da Diocese e era o chefe dos di\u00e1conos permanentes.<\/p>\n\n\n\n<p>Ainda n\u00e3o h\u00e1 informa\u00e7\u00f5es sobre o sepultamento.<\/p>\n\n\n\n<div class=\"wp-block-image\"><figure class=\"aligncenter size-large is-resized\"><img loading=\"lazy\" decoding=\"async\" src=\"https:\/\/tvtecjundiai.com.br\/news\/wp-content\/uploads\/sites\/2\/2021\/05\/diacono-618x960.jpg\" alt=\"\" class=\"wp-image-76566\" width=\"356\" height=\"554\" srcset=\"https:\/\/tvtecjundiai.com.br\/news\/wp-content\/uploads\/sites\/2\/2021\/05\/diacono-618x960.jpg 618w, https:\/\/tvtecjundiai.com.br\/news\/wp-content\/uploads\/sites\/2\/2021\/05\/diacono-300x466.jpg 300w, https:\/\/tvtecjundiai.com.br\/news\/wp-content\/uploads\/sites\/2\/2021\/05\/diacono-768x1193.jpg 768w, https:\/\/tvtecjundiai.com.br\/news\/wp-content\/uploads\/sites\/2\/2021\/05\/diacono.jpg 824w\" sizes=\"auto, (max-width: 356px) 100vw, 356px\" \/><figcaption>Di\u00e1cono Irvando faleceu nesta quinta-feira (27)<\/figcaption><\/figure><\/div>\n\n\n\n<p><em>(Texto: TVTEC\/Imagem: Arquivo pessoal)<\/em><\/p>\n","protected":false},"excerpt":{"rendered":"<p>Di\u00e1cono faleceu por conta da COVID-19 na tarde desta quinta-feira (27)<\/p>\n","protected":false},"author":28,"featured_media":76571,"comment_status":"closed","ping_status":"closed","sticky":false,"template":"","format":"standard","meta":{"footnotes":""},"categories":[1],"tags":[],"class_list":["post-76565","post","type-post","status-publish","format-standard","has-post-thumbnail","hentry","category-noticias"],"_links":{"self":[{"href":"https:\/\/tvtecjundiai.com.br\/news\/wp-json\/wp\/v2\/posts\/76565","targetHints":{"allow":["GET"]}}],"collection":[{"href":"https:\/\/tvtecjundiai.com.br\/news\/wp-json\/wp\/v2\/posts"}],"about":[{"href":"https:\/\/tvtecjundiai.com.br\/news\/wp-json\/wp\/v2\/types\/post"}],"author":[{"embeddable":true,"href":"https:\/\/tvtecjundiai.com.br\/news\/wp-json\/wp\/v2\/users\/28"}],"replies":[{"embeddable":true,"href":"https:\/\/tvtecjundiai.com.br\/news\/wp-json\/wp\/v2\/comments?post=76565"}],"version-history":[{"count":2,"href":"https:\/\/tvtecjundiai.com.br\/news\/wp-json\/wp\/v2\/posts\/76565\/revisions"}],"predecessor-version":[{"id":76570,"href":"https:\/\/tvtecjundiai.com.br\/news\/wp-json\/wp\/v2\/posts\/76565\/revisions\/76570"}],"wp:featuredmedia":[{"embeddable":true,"href":"https:\/\/tvtecjundiai.com.br\/news\/wp-json\/wp\/v2\/media\/76571"}],"wp:attachment":[{"href":"https:\/\/tvtecjundiai.com.br\/news\/wp-json\/wp\/v2\/media?parent=76565"}],"wp:term":[{"taxonomy":"category","embeddable":true,"href":"https:\/\/tvtecjundiai.com.br\/news\/wp-json\/wp\/v2\/categories?post=76565"},{"taxonomy":"post_tag","embeddable":true,"href":"https:\/\/tvtecjundiai.com.br\/news\/wp-json\/wp\/v2\/tags?post=76565"}],"curies":[{"name":"wp","href":"https:\/\/api.w.org\/{rel}","templated":true}]}}