{"id":76572,"date":"2021-05-27T17:37:56","date_gmt":"2021-05-27T20:37:56","guid":{"rendered":"https:\/\/tvtecjundiai.com.br\/news\/?p=76572"},"modified":"2021-05-27T17:37:56","modified_gmt":"2021-05-27T20:37:56","slug":"jundiai-tem-84-dos-leitos-publicos-de-uti-ocupados-por-pacientes-de-covid-19","status":"publish","type":"post","link":"https:\/\/tvtecjundiai.com.br\/news\/2021\/05\/27\/jundiai-tem-84-dos-leitos-publicos-de-uti-ocupados-por-pacientes-de-covid-19\/","title":{"rendered":"Jundia\u00ed tem 84% dos leitos p\u00fablicos de UTI ocupados por pacientes de COVID-19"},"content":{"rendered":"\n<p>A Prefeitura de Jundia\u00ed informa que, nesta quinta-feira (27), seis \u00f3bitos foram contabilizados de residentes na cidade causados pelo Novo Coronav\u00edrus.<\/p>\n\n\n\n<p>Homem, 49 anos, obeso e diab\u00e9tico. Internou 24\/05 e faleceu 27\/05 no hospital S\u00e3o Vicente .<\/p>\n\n\n\n<p>Mulher, 60 anos, portadora de doen\u00e7a cardiovascular cr\u00f4nica.Internou 15\/05 e faleceu 19\/05 no hospital S\u00e3o&nbsp; Vicente.<\/p>\n\n\n\n<p>Mulher, 66 anos, sem comorbidades registradas. Internou 10\/05 e faleceu 20\/05 no hospital S\u00e3o Vicente.<\/p>\n\n\n\n<p>Mulher, 69 anos, diab\u00e9tica, portadora de doen\u00e7a cardiovascular e pneumopatia cr\u00f4nicas. Internou 30\/04 e faleceu 04\/05 em hospital privado da cidade.<\/p>\n\n\n\n<p>Homem, 64 anos, portador de doen\u00e7a cardiovascular cr\u00f4nica. Internou 23\/04 e faleceu 27\/05 no hospital S\u00e3o Vicente.<\/p>\n\n\n\n<p>Homem, 64 anos, obeso, portador de doen\u00e7a cardiovascular cr\u00f4nica.&nbsp; Internou 16\/05 e faleceu 27\/05 em hospital privado da cidade.<\/p>\n\n\n\n<p>At\u00e9 o momento, a cidade registra 1191 \u00f3bitos causados pela COVID-19 desde o in\u00edcio da pandemia.<\/p>\n\n\n\n<figure class=\"wp-block-image size-large\"><img loading=\"lazy\" decoding=\"async\" width=\"960\" height=\"960\" src=\"https:\/\/tvtecjundiai.com.br\/news\/wp-content\/uploads\/sites\/2\/2021\/05\/slide1-20-960x960.png\" alt=\"\" class=\"wp-image-76573\" srcset=\"https:\/\/tvtecjundiai.com.br\/news\/wp-content\/uploads\/sites\/2\/2021\/05\/slide1-20-960x960.png 960w, https:\/\/tvtecjundiai.com.br\/news\/wp-content\/uploads\/sites\/2\/2021\/05\/slide1-20-300x300.png 300w, https:\/\/tvtecjundiai.com.br\/news\/wp-content\/uploads\/sites\/2\/2021\/05\/slide1-20-100x100.png 100w, https:\/\/tvtecjundiai.com.br\/news\/wp-content\/uploads\/sites\/2\/2021\/05\/slide1-20-768x768.png 768w, https:\/\/tvtecjundiai.com.br\/news\/wp-content\/uploads\/sites\/2\/2021\/05\/slide1-20.png 1280w\" sizes=\"auto, (max-width: 960px) 100vw, 960px\" \/><\/figure>\n\n\n\n<figure class=\"wp-block-image size-large\"><img loading=\"lazy\" decoding=\"async\" width=\"960\" height=\"960\" src=\"https:\/\/tvtecjundiai.com.br\/news\/wp-content\/uploads\/sites\/2\/2021\/05\/slide2-18-960x960.png\" alt=\"\" class=\"wp-image-76574\" srcset=\"https:\/\/tvtecjundiai.com.br\/news\/wp-content\/uploads\/sites\/2\/2021\/05\/slide2-18-960x960.png 960w, https:\/\/tvtecjundiai.com.br\/news\/wp-content\/uploads\/sites\/2\/2021\/05\/slide2-18-300x300.png 300w, https:\/\/tvtecjundiai.com.br\/news\/wp-content\/uploads\/sites\/2\/2021\/05\/slide2-18-100x100.png 100w, https:\/\/tvtecjundiai.com.br\/news\/wp-content\/uploads\/sites\/2\/2021\/05\/slide2-18-768x768.png 768w, https:\/\/tvtecjundiai.com.br\/news\/wp-content\/uploads\/sites\/2\/2021\/05\/slide2-18.png 1280w\" sizes=\"auto, (max-width: 960px) 100vw, 960px\" \/><\/figure>\n\n\n\n<p><em>(Texto\/Imagem: Prefeitura de Jundia\u00ed)<\/em><\/p>\n","protected":false},"excerpt":{"rendered":"<p>A cidade tamb\u00e9m registrou seis \u00f3bitos ocasionados pelo Novo Coronav\u00edrus nesta quinta-feira (27)<\/p>\n","protected":false},"author":28,"featured_media":60827,"comment_status":"closed","ping_status":"closed","sticky":false,"template":"","format":"standard","meta":{"footnotes":""},"categories":[8356,1],"tags":[],"class_list":["post-76572","post","type-post","status-publish","format-standard","has-post-thumbnail","hentry","category-jundiai","category-noticias"],"_links":{"self":[{"href":"https:\/\/tvtecjundiai.com.br\/news\/wp-json\/wp\/v2\/posts\/76572","targetHints":{"allow":["GET"]}}],"collection":[{"href":"https:\/\/tvtecjundiai.com.br\/news\/wp-json\/wp\/v2\/posts"}],"about":[{"href":"https:\/\/tvtecjundiai.com.br\/news\/wp-json\/wp\/v2\/types\/post"}],"author":[{"embeddable":true,"href":"https:\/\/tvtecjundiai.com.br\/news\/wp-json\/wp\/v2\/users\/28"}],"replies":[{"embeddable":true,"href":"https:\/\/tvtecjundiai.com.br\/news\/wp-json\/wp\/v2\/comments?post=76572"}],"version-history":[{"count":1,"href":"https:\/\/tvtecjundiai.com.br\/news\/wp-json\/wp\/v2\/posts\/76572\/revisions"}],"predecessor-version":[{"id":76575,"href":"https:\/\/tvtecjundiai.com.br\/news\/wp-json\/wp\/v2\/posts\/76572\/revisions\/76575"}],"wp:featuredmedia":[{"embeddable":true,"href":"https:\/\/tvtecjundiai.com.br\/news\/wp-json\/wp\/v2\/media\/60827"}],"wp:attachment":[{"href":"https:\/\/tvtecjundiai.com.br\/news\/wp-json\/wp\/v2\/media?parent=76572"}],"wp:term":[{"taxonomy":"category","embeddable":true,"href":"https:\/\/tvtecjundiai.com.br\/news\/wp-json\/wp\/v2\/categories?post=76572"},{"taxonomy":"post_tag","embeddable":true,"href":"https:\/\/tvtecjundiai.com.br\/news\/wp-json\/wp\/v2\/tags?post=76572"}],"curies":[{"name":"wp","href":"https:\/\/api.w.org\/{rel}","templated":true}]}}