{"id":76576,"date":"2021-05-28T10:00:00","date_gmt":"2021-05-28T13:00:00","guid":{"rendered":"https:\/\/tvtecjundiai.com.br\/news\/?p=76576"},"modified":"2021-05-28T10:56:35","modified_gmt":"2021-05-28T13:56:35","slug":"mercadao-da-vila-arens-um-local-com-muita-historia-para-contar","status":"publish","type":"post","link":"https:\/\/tvtecjundiai.com.br\/news\/2021\/05\/28\/mercadao-da-vila-arens-um-local-com-muita-historia-para-contar\/","title":{"rendered":"Mercad\u00e3o da Vila Arens: um local com muita hist\u00f3ria para contar"},"content":{"rendered":"\n<p>Ponto de refer\u00eancia para muitos jundiaienses, o Mercad\u00e3o da Vila Arens \u00e9 um local com muita hist\u00f3ria para contar. Inaugurado em 30 de novembro de 1957, o espa\u00e7o re\u00fane diversas bancas, que abrigam desde lojas de gr\u00e3os, passando por a\u00e7ougue, rostisseria e contando at\u00e9 mesmo com loja de sapatos e brinquedos.<\/p>\n\n\n\n<p>Para a \u2018velha guarda\u2019 de Jundia\u00ed, o ponto de refer\u00eancia do Mercad\u00e3o \u00e9 o famoso \u2018Bar do Pedro\u2019, local aonde muitos v\u00e3o para apreciar o famoso bolinho de bacalhau do Pedro. O Bar do Pedro, ou melhor, o Pedro\u00b4s Bar \u2013 no seu nome original \u2013 foi inaugurado em 1965, contando ent\u00e3o com 56 anos de atendimento.<\/p>\n\n\n\n<p>Outro local que tamb\u00e9m \u00e9 considerado muito tradicional \u00e9 o Emp\u00f3rio Rigolo, que hoje conta n\u00e3o s\u00f3 com o a\u00e7ougue, mas com uma mercearia e um mercado. A fam\u00edlia Rigolo inaugurou o espa\u00e7o junto com o pr\u00f3prio Mercad\u00e3o, em 1957.<\/p>\n\n\n\n<figure class=\"wp-block-image size-large\"><img loading=\"lazy\" decoding=\"async\" width=\"1000\" height=\"641\" src=\"https:\/\/tvtecjundiai.com.br\/news\/wp-content\/uploads\/sites\/2\/2021\/05\/Mercadao-1.jpg\" alt=\"\" class=\"wp-image-76578\" srcset=\"https:\/\/tvtecjundiai.com.br\/news\/wp-content\/uploads\/sites\/2\/2021\/05\/Mercadao-1.jpg 1000w, https:\/\/tvtecjundiai.com.br\/news\/wp-content\/uploads\/sites\/2\/2021\/05\/Mercadao-1-300x192.jpg 300w, https:\/\/tvtecjundiai.com.br\/news\/wp-content\/uploads\/sites\/2\/2021\/05\/Mercadao-1-768x492.jpg 768w\" sizes=\"auto, (max-width: 1000px) 100vw, 1000px\" \/><figcaption>Local foi inaugurado em 30 de novembro de 1957<\/figcaption><\/figure>\n\n\n\n<p>A arquitetura do Mercad\u00e3o era considerada moderna para a \u00e9poca e abrigava agricultores das fam\u00edlias tradicionais de Jundia\u00ed, que vendiam sua produ\u00e7\u00e3o diretamente para a popula\u00e7\u00e3o. Muitas dessas fam\u00edlias permanecem at\u00e9 hoje nos \u2018box\u2019 do Mercad\u00e3o.<\/p>\n\n\n\n<p><em>(Texto: TVTEC\/Imagem: Arquivo)<\/em><\/p>\n\n\n\n<figure class=\"wp-block-embed is-type-video is-provider-youtube wp-block-embed-youtube wp-embed-aspect-16-9 wp-has-aspect-ratio\"><div class=\"wp-block-embed__wrapper\">\n<iframe loading=\"lazy\" title=\"Descubra Jundia\u00ed: Mercad\u00e3o da Vila Arens\" width=\"500\" height=\"281\" src=\"https:\/\/www.youtube.com\/embed\/Fj0Z2mCXFHI?feature=oembed\" frameborder=\"0\" allow=\"accelerometer; autoplay; clipboard-write; encrypted-media; gyroscope; picture-in-picture; web-share\" referrerpolicy=\"strict-origin-when-cross-origin\" allowfullscreen><\/iframe>\n<\/div><\/figure>\n","protected":false},"excerpt":{"rendered":"<p>Local faz parte da mem\u00f3ria afetiva de muitos jundiaienses<\/p>\n","protected":false},"author":28,"featured_media":76594,"comment_status":"closed","ping_status":"closed","sticky":false,"template":"","format":"standard","meta":{"footnotes":""},"categories":[8356,1],"tags":[],"class_list":["post-76576","post","type-post","status-publish","format-standard","has-post-thumbnail","hentry","category-jundiai","category-noticias"],"_links":{"self":[{"href":"https:\/\/tvtecjundiai.com.br\/news\/wp-json\/wp\/v2\/posts\/76576","targetHints":{"allow":["GET"]}}],"collection":[{"href":"https:\/\/tvtecjundiai.com.br\/news\/wp-json\/wp\/v2\/posts"}],"about":[{"href":"https:\/\/tvtecjundiai.com.br\/news\/wp-json\/wp\/v2\/types\/post"}],"author":[{"embeddable":true,"href":"https:\/\/tvtecjundiai.com.br\/news\/wp-json\/wp\/v2\/users\/28"}],"replies":[{"embeddable":true,"href":"https:\/\/tvtecjundiai.com.br\/news\/wp-json\/wp\/v2\/comments?post=76576"}],"version-history":[{"count":1,"href":"https:\/\/tvtecjundiai.com.br\/news\/wp-json\/wp\/v2\/posts\/76576\/revisions"}],"predecessor-version":[{"id":76579,"href":"https:\/\/tvtecjundiai.com.br\/news\/wp-json\/wp\/v2\/posts\/76576\/revisions\/76579"}],"wp:featuredmedia":[{"embeddable":true,"href":"https:\/\/tvtecjundiai.com.br\/news\/wp-json\/wp\/v2\/media\/76594"}],"wp:attachment":[{"href":"https:\/\/tvtecjundiai.com.br\/news\/wp-json\/wp\/v2\/media?parent=76576"}],"wp:term":[{"taxonomy":"category","embeddable":true,"href":"https:\/\/tvtecjundiai.com.br\/news\/wp-json\/wp\/v2\/categories?post=76576"},{"taxonomy":"post_tag","embeddable":true,"href":"https:\/\/tvtecjundiai.com.br\/news\/wp-json\/wp\/v2\/tags?post=76576"}],"curies":[{"name":"wp","href":"https:\/\/api.w.org\/{rel}","templated":true}]}}