{"id":76583,"date":"2021-05-28T09:22:43","date_gmt":"2021-05-28T12:22:43","guid":{"rendered":"https:\/\/tvtecjundiai.com.br\/news\/?p=76583"},"modified":"2021-05-28T09:22:43","modified_gmt":"2021-05-28T12:22:43","slug":"no-combate-as-arboviroses-nova-ubs-comercial-reforca-orientacoes-aos-usuarios-com-sintomas","status":"publish","type":"post","link":"https:\/\/tvtecjundiai.com.br\/news\/2021\/05\/28\/no-combate-as-arboviroses-nova-ubs-comercial-reforca-orientacoes-aos-usuarios-com-sintomas\/","title":{"rendered":"No combate \u00e0s arboviroses, Nova UBS Comercial refor\u00e7a orienta\u00e7\u00f5es aos usu\u00e1rios com sintomas"},"content":{"rendered":"\n<p>A regi\u00e3o da Vila Comercial permanece como uma \u00e1reas de Jundia\u00ed com maior registro de casos de dengue em Jundia\u00ed. A atua\u00e7\u00e3o no combate \u00e0 doen\u00e7a, al\u00e9m do trabalho realizado pelas equipes da Vigil\u00e2ncia em Sa\u00fade Ambiental (VISAM), s\u00e3o acompanhadas de perto pelas equipes da Aten\u00e7\u00e3o B\u00e1sica. A Nova UBS Comercial, al\u00e9m de promover a orienta\u00e7\u00e3o com a equipe aos usu\u00e1rios referenciados, \u00e9 respons\u00e1vel pelo atendimento e cuidado dos pacientes com suspeitas da doen\u00e7a.<\/p>\n\n\n\n<p>Dos 294 casos confirmados de dengue registrados at\u00e9 o dia 27 de maio em Jundia\u00ed, 92 s\u00e3o registrados na Vila Comercial. Segundo a gerente da Nova UBS Comercial, Suiany Ferreira, a refer\u00eancia local \u00e9 essencial para o cuidado da popula\u00e7\u00e3o. \u201cO papel da UBS vai desde a preven\u00e7\u00e3o com orienta\u00e7\u00f5es \u00e0 popula\u00e7\u00e3o de como evitar criadouros do mosquito, como tamb\u00e9m em oferecer o diagn\u00f3stico, tratamento e monitoramento dos casos sintom\u00e1ticos\u201d.<\/p>\n\n\n\n<div class=\"wp-block-image\"><figure class=\"aligncenter size-large\"><img loading=\"lazy\" decoding=\"async\" width=\"1200\" height=\"801\" src=\"https:\/\/tvtecjundiai.com.br\/news\/wp-content\/uploads\/sites\/2\/2021\/05\/visam_laboratorio_dengue-44-1200x801.jpg\" alt=\"\" class=\"wp-image-76584\" srcset=\"https:\/\/tvtecjundiai.com.br\/news\/wp-content\/uploads\/sites\/2\/2021\/05\/visam_laboratorio_dengue-44-1200x801.jpg 1200w, https:\/\/tvtecjundiai.com.br\/news\/wp-content\/uploads\/sites\/2\/2021\/05\/visam_laboratorio_dengue-44-300x200.jpg 300w, https:\/\/tvtecjundiai.com.br\/news\/wp-content\/uploads\/sites\/2\/2021\/05\/visam_laboratorio_dengue-44-768x512.jpg 768w, https:\/\/tvtecjundiai.com.br\/news\/wp-content\/uploads\/sites\/2\/2021\/05\/visam_laboratorio_dengue-44.jpg 1280w\" sizes=\"auto, (max-width: 1200px) 100vw, 1200px\" \/><figcaption>Mosquito Aedes aegypti \u00e9 transmissor da dengue e da demais arboviroses<\/figcaption><\/figure><\/div>\n\n\n\n<p>A conscientiza\u00e7\u00e3o tamb\u00e9m faz parte das iniciativas da equipe da Aten\u00e7\u00e3o B\u00e1sica. \u201cEstamos articulando atividades junto \u00e0s escolas dos bairros com o objetivo de mobilizar e conscientizar as fam\u00edlias sobre a import\u00e2ncia do combate aos criadouros do mosquito Aedes Aegypti e da preven\u00e7\u00e3o da dengue\u201d, completa.\u00a0<\/p>\n\n\n\n<div class=\"wp-block-image\"><figure class=\"aligncenter size-large\"><img loading=\"lazy\" decoding=\"async\" width=\"1200\" height=\"800\" src=\"https:\/\/tvtecjundiai.com.br\/news\/wp-content\/uploads\/sites\/2\/2021\/05\/abertura_nova_ubs_vila_comercial-100-1200x800.jpg\" alt=\"\" class=\"wp-image-76585\" srcset=\"https:\/\/tvtecjundiai.com.br\/news\/wp-content\/uploads\/sites\/2\/2021\/05\/abertura_nova_ubs_vila_comercial-100-1200x800.jpg 1200w, https:\/\/tvtecjundiai.com.br\/news\/wp-content\/uploads\/sites\/2\/2021\/05\/abertura_nova_ubs_vila_comercial-100-300x200.jpg 300w, https:\/\/tvtecjundiai.com.br\/news\/wp-content\/uploads\/sites\/2\/2021\/05\/abertura_nova_ubs_vila_comercial-100-768x512.jpg 768w, https:\/\/tvtecjundiai.com.br\/news\/wp-content\/uploads\/sites\/2\/2021\/05\/abertura_nova_ubs_vila_comercial-100.jpg 1280w\" sizes=\"auto, (max-width: 1200px) 100vw, 1200px\" \/><figcaption>Nova UBS Comercial \u00e9 refer\u00eancia para o atendimento da popula\u00e7\u00e3o moradora na regi\u00e3o com maior n\u00famero de casos de dengue<\/figcaption><\/figure><\/div>\n\n\n\n<p>Para as a\u00e7\u00f5es das equipes da Nova UBS Comercial, assim como nas demais unidades da cidade, surtirem efeitos, ainda de acordo com a gerente, \u00e9 imprescind\u00edvel a participa\u00e7\u00e3o conjunta da popula\u00e7\u00e3o. \u201cO controle da dengue exige um esfor\u00e7o n\u00e3o s\u00f3 dos profissionais de Sa\u00fade e gestores, como tamb\u00e9m da popula\u00e7\u00e3o, que precisa participar ativamente\u201d.<\/p>\n\n\n\n<p><em>(Fonte\/Imagem: Prefeitura de Jundia\u00ed)<\/em><\/p>\n","protected":false},"excerpt":{"rendered":"<p>A regi\u00e3o da Vila Comercial permanece como uma \u00e1reas de Jundia\u00ed com maior registro de casos de dengue em Jundia\u00ed<\/p>\n","protected":false},"author":25,"featured_media":76585,"comment_status":"closed","ping_status":"closed","sticky":false,"template":"","format":"standard","meta":{"footnotes":""},"categories":[1],"tags":[],"class_list":["post-76583","post","type-post","status-publish","format-standard","has-post-thumbnail","hentry","category-noticias"],"_links":{"self":[{"href":"https:\/\/tvtecjundiai.com.br\/news\/wp-json\/wp\/v2\/posts\/76583","targetHints":{"allow":["GET"]}}],"collection":[{"href":"https:\/\/tvtecjundiai.com.br\/news\/wp-json\/wp\/v2\/posts"}],"about":[{"href":"https:\/\/tvtecjundiai.com.br\/news\/wp-json\/wp\/v2\/types\/post"}],"author":[{"embeddable":true,"href":"https:\/\/tvtecjundiai.com.br\/news\/wp-json\/wp\/v2\/users\/25"}],"replies":[{"embeddable":true,"href":"https:\/\/tvtecjundiai.com.br\/news\/wp-json\/wp\/v2\/comments?post=76583"}],"version-history":[{"count":1,"href":"https:\/\/tvtecjundiai.com.br\/news\/wp-json\/wp\/v2\/posts\/76583\/revisions"}],"predecessor-version":[{"id":76586,"href":"https:\/\/tvtecjundiai.com.br\/news\/wp-json\/wp\/v2\/posts\/76583\/revisions\/76586"}],"wp:featuredmedia":[{"embeddable":true,"href":"https:\/\/tvtecjundiai.com.br\/news\/wp-json\/wp\/v2\/media\/76585"}],"wp:attachment":[{"href":"https:\/\/tvtecjundiai.com.br\/news\/wp-json\/wp\/v2\/media?parent=76583"}],"wp:term":[{"taxonomy":"category","embeddable":true,"href":"https:\/\/tvtecjundiai.com.br\/news\/wp-json\/wp\/v2\/categories?post=76583"},{"taxonomy":"post_tag","embeddable":true,"href":"https:\/\/tvtecjundiai.com.br\/news\/wp-json\/wp\/v2\/tags?post=76583"}],"curies":[{"name":"wp","href":"https:\/\/api.w.org\/{rel}","templated":true}]}}