{"id":76595,"date":"2021-05-28T11:22:58","date_gmt":"2021-05-28T14:22:58","guid":{"rendered":"https:\/\/tvtecjundiai.com.br\/news\/?p=76595"},"modified":"2021-05-28T11:22:58","modified_gmt":"2021-05-28T14:22:58","slug":"grupo-de-amigos-doa-100-cobertores-para-a-campanha-de-inverno-do-fundo-social","status":"publish","type":"post","link":"https:\/\/tvtecjundiai.com.br\/news\/2021\/05\/28\/grupo-de-amigos-doa-100-cobertores-para-a-campanha-de-inverno-do-fundo-social\/","title":{"rendered":"Grupo de amigos doa 100 cobertores para a Campanha de Inverno do Fundo Social"},"content":{"rendered":"\n<p>Foi pensando em aquecer os dias frios de quem enfrenta dificuldades, que Enzo Cenni e Gabriela Martinez se uniram aos amigos de um curso de forma\u00e7\u00e3o de Yoga para arrecadar cobertores. A ideia deu t\u00e3o certo que o resultado foi a doa\u00e7\u00e3o de 100 pe\u00e7as novas para a Campanha de Inverno de Jundia\u00ed, lan\u00e7ada nesta semana.<\/p>\n\n\n\n<p>\u201cCompartilhamos estudos, aprendizados e experi\u00eancias para cuidar do bem-estar do outro por mais de um ano. Perto do t\u00e9rmino do curso, realizado pelo espa\u00e7o BioNathus, decidimos nos unir em arrecada\u00e7\u00e3o. Foi, ent\u00e3o, que um dos participantes sugeriu beneficiar o trabalho realizado pelo Fundo Social. Adoramos a ideia e estamos felizes com o resultado\u201d, contou a educadora.<\/p>\n\n\n\n<div class=\"wp-block-image\"><figure class=\"aligncenter size-large\"><img loading=\"lazy\" decoding=\"async\" width=\"1200\" height=\"800\" src=\"https:\/\/tvtecjundiai.com.br\/news\/wp-content\/uploads\/sites\/2\/2021\/05\/inverno_cobertores-1200x800.jpg\" alt=\"\" class=\"wp-image-76596\" srcset=\"https:\/\/tvtecjundiai.com.br\/news\/wp-content\/uploads\/sites\/2\/2021\/05\/inverno_cobertores-1200x800.jpg 1200w, https:\/\/tvtecjundiai.com.br\/news\/wp-content\/uploads\/sites\/2\/2021\/05\/inverno_cobertores-300x200.jpg 300w, https:\/\/tvtecjundiai.com.br\/news\/wp-content\/uploads\/sites\/2\/2021\/05\/inverno_cobertores-768x512.jpg 768w, https:\/\/tvtecjundiai.com.br\/news\/wp-content\/uploads\/sites\/2\/2021\/05\/inverno_cobertores.jpg 1280w\" sizes=\"auto, (max-width: 1200px) 100vw, 1200px\" \/><figcaption>Enzo e Gabriela se uniram aos amigos para fazer a doa\u00e7\u00e3o ao Fundo Social<\/figcaption><\/figure><\/div>\n\n\n\n<p>De acordo com o tatuador, a mobiliza\u00e7\u00e3o veio ao encontro do Karma Yoga, um dos pilares da pr\u00e1tica e que consiste em agir em benef\u00edcio do pr\u00f3ximo sem esperar nada em troca: \u201c\u00c9 preciso fazer o bem para o outro. Se cada um fizer a sua parte, poderemos melhorar a sociedade em que vivemos\u201d.<\/p>\n\n\n\n<p>Em Jundia\u00ed, a Campanha de Inverno teve in\u00edcio na \u00faltima segunda-feira (25). A a\u00e7\u00e3o, realizada pela Prefeitura do Munic\u00edpio e coordenada pelo Fundo Social de Solidariedade (Funss), tem por objetivo arrecadar roupas, cal\u00e7ados e cobertores, novos ou usados em bom estado de conserva\u00e7\u00e3o.<\/p>\n\n\n\n<div class=\"wp-block-image\"><figure class=\"aligncenter size-large\"><img loading=\"lazy\" decoding=\"async\" width=\"1200\" height=\"800\" src=\"https:\/\/tvtecjundiai.com.br\/news\/wp-content\/uploads\/sites\/2\/2021\/05\/inverno_cobertores_vanessa-1200x800.jpg\" alt=\"\" class=\"wp-image-76597\" srcset=\"https:\/\/tvtecjundiai.com.br\/news\/wp-content\/uploads\/sites\/2\/2021\/05\/inverno_cobertores_vanessa-1200x800.jpg 1200w, https:\/\/tvtecjundiai.com.br\/news\/wp-content\/uploads\/sites\/2\/2021\/05\/inverno_cobertores_vanessa-300x200.jpg 300w, https:\/\/tvtecjundiai.com.br\/news\/wp-content\/uploads\/sites\/2\/2021\/05\/inverno_cobertores_vanessa-768x512.jpg 768w, https:\/\/tvtecjundiai.com.br\/news\/wp-content\/uploads\/sites\/2\/2021\/05\/inverno_cobertores_vanessa.jpg 1280w\" sizes=\"auto, (max-width: 1200px) 100vw, 1200px\" \/><figcaption>Vanessa Machado: doa\u00e7\u00f5es refor\u00e7ar\u00e3o a Campanha de Inverno 2021<\/figcaption><\/figure><\/div>\n\n\n\n<p>\u201cJundia\u00ed sempre foi uma cidade acolhedora e, desta vez, n\u00e3o \u00e9 diferente. Por isso, al\u00e9m da \u2018Vacina\u00e7\u00e3o Solid\u00e1ria\u2019, que arrecada alimentos n\u00e3o perec\u00edveis nos pontos de imuniza\u00e7\u00e3o contra a COVID-19, pedimos para que a popula\u00e7\u00e3o, dentro de suas possibilidades, tamb\u00e9m colabore com a \u2018Campanha de Inverno\u2019. Um pequeno gesto, como doar uma blusa que j\u00e1 ficou pequena, pode fazer a diferen\u00e7a na casa de uma fam\u00edlia em vulnerabilidade\u201d, refor\u00e7ou a primeira-dama e presidente do Funss, Vanessa Machado.<\/p>\n\n\n\n<p>O Fundo Social de Solidariedade \u00e9 ponto permanente de arrecada\u00e7\u00e3o de doa\u00e7\u00e3o, no munic\u00edpio. A unidade est\u00e1 localizada dentro do Parque da Uva, com acesso pela avenida Dona Manoela Lacerda de Vergueiro, s\/n, port\u00e3o 03, bairro Anhangaba\u00fa. O funcionamento \u00e9 de segunda a sexta-feira, das 8h \u00e0s 17h, exceto feriados. Informa\u00e7\u00f5es: (11) 4521-2762, 4521-2929 e 4521-6833.<\/p>\n\n\n\n<p>A Campanha de Inverno tamb\u00e9m conta com pontos de coleta distribu\u00eddo em diversas regi\u00f5es da cidade. Os endere\u00e7os dos locais que j\u00e1 aderiram \u00e0 a\u00e7\u00e3o est\u00e3o dispon\u00edveis no site:\u00a0<strong><a href=\"https:\/\/jundiai.sp.gov.br\/campanhadeinvernojundiai\/\">https:\/\/jundiai.sp.gov.br\/campanhadeinvernojundiai\/<\/a><\/strong><\/p>\n\n\n\n<p><em>(Fonte\/Imagem: Prefeitura de Jundia\u00ed)<\/em><\/p>\n","protected":false},"excerpt":{"rendered":"<p>Em Jundia\u00ed, a Campanha de Inverno teve in\u00edcio na \u00faltima segunda-feira (25)<\/p>\n","protected":false},"author":25,"featured_media":76596,"comment_status":"closed","ping_status":"closed","sticky":false,"template":"","format":"standard","meta":{"footnotes":""},"categories":[1],"tags":[],"class_list":["post-76595","post","type-post","status-publish","format-standard","has-post-thumbnail","hentry","category-noticias"],"_links":{"self":[{"href":"https:\/\/tvtecjundiai.com.br\/news\/wp-json\/wp\/v2\/posts\/76595","targetHints":{"allow":["GET"]}}],"collection":[{"href":"https:\/\/tvtecjundiai.com.br\/news\/wp-json\/wp\/v2\/posts"}],"about":[{"href":"https:\/\/tvtecjundiai.com.br\/news\/wp-json\/wp\/v2\/types\/post"}],"author":[{"embeddable":true,"href":"https:\/\/tvtecjundiai.com.br\/news\/wp-json\/wp\/v2\/users\/25"}],"replies":[{"embeddable":true,"href":"https:\/\/tvtecjundiai.com.br\/news\/wp-json\/wp\/v2\/comments?post=76595"}],"version-history":[{"count":1,"href":"https:\/\/tvtecjundiai.com.br\/news\/wp-json\/wp\/v2\/posts\/76595\/revisions"}],"predecessor-version":[{"id":76598,"href":"https:\/\/tvtecjundiai.com.br\/news\/wp-json\/wp\/v2\/posts\/76595\/revisions\/76598"}],"wp:featuredmedia":[{"embeddable":true,"href":"https:\/\/tvtecjundiai.com.br\/news\/wp-json\/wp\/v2\/media\/76596"}],"wp:attachment":[{"href":"https:\/\/tvtecjundiai.com.br\/news\/wp-json\/wp\/v2\/media?parent=76595"}],"wp:term":[{"taxonomy":"category","embeddable":true,"href":"https:\/\/tvtecjundiai.com.br\/news\/wp-json\/wp\/v2\/categories?post=76595"},{"taxonomy":"post_tag","embeddable":true,"href":"https:\/\/tvtecjundiai.com.br\/news\/wp-json\/wp\/v2\/tags?post=76595"}],"curies":[{"name":"wp","href":"https:\/\/api.w.org\/{rel}","templated":true}]}}