{"id":76599,"date":"2021-05-28T13:29:48","date_gmt":"2021-05-28T16:29:48","guid":{"rendered":"https:\/\/tvtecjundiai.com.br\/news\/?p=76599"},"modified":"2021-05-28T13:29:48","modified_gmt":"2021-05-28T16:29:48","slug":"hospital-sao-vicente-aproxima-pacientes-de-covid-19-e-familias-por-videochamada","status":"publish","type":"post","link":"https:\/\/tvtecjundiai.com.br\/news\/2021\/05\/28\/hospital-sao-vicente-aproxima-pacientes-de-covid-19-e-familias-por-videochamada\/","title":{"rendered":"Hospital S\u00e3o Vicente aproxima pacientes de COVID-19 e fam\u00edlias por videochamada"},"content":{"rendered":"\n<p>O isolamento dos pacientes internados com COVID-19 no Hospital de Caridade S\u00e3o Vicente de Paulo (HSV) ficou um pouco mais leve depois de uma iniciativa inspiradora da equipe de psicologia da institui\u00e7\u00e3o, em maio de 2020. As videochamadas, projeto interno de comunica\u00e7\u00e3o entre pacientes e familiares, foram iniciadas em um dos dias mais especiais do ano, o dia das m\u00e3es. Mesmo distantes, o recurso proporcionou aos cora\u00e7\u00f5es apertados dos familiares a chance de visitar, de forma online, seus entes queridos. Um ano depois, o projeto foi ampliado, j\u00e1 beneficiou mais de 4 mil pessoas e re\u00fane hist\u00f3rias emocionantes vivenciadas ao longo desses 12 meses.<\/p>\n\n\n\n<p>Segundo a psic\u00f3loga Sandra Helena Lan\u00e7a, o objetivo do servi\u00e7o \u00e9 minimizar os sentimentos ruins que geralmente acometem os familiares nesse processo. \u201cN\u00e3o \u00e9 simplesmente uma liga\u00e7\u00e3o, \u00e9 um momento essencial para o familiar ver seu paciente, saber que ele est\u00e1 sendo bem cuidado, j\u00e1 que em algumas situa\u00e7\u00f5es, cria-se uma fantasia baseada na falta de contato visual, ent\u00e3o isso diminui o n\u00edvel de ansiedade deles. Neste momento, o psic\u00f3logo \u00e9 o mediador dos medos, ang\u00fastias e da elabora\u00e7\u00e3o do processo de adoecimento j\u00e1 que todos os envolvidos est\u00e3o extremamente fragilizados diante do desconhecido. Por isso, autorizamos que at\u00e9 cinco pessoas participem da liga\u00e7\u00e3o\u201d. A profissional tamb\u00e9m explica que, para participar da chamada, o paciente deve estar consciente e orientado, apresentando quadro cl\u00ednico que permita comunica\u00e7\u00e3o. Em casos mais graves, os familiares podem enviar \u00e1udios para serem reproduzidos pela equipe ao paciente.<\/p>\n\n\n\n<p>Atualmente o programa atende as demandas das cl\u00ednicas feminina, cir\u00fargica II, masculina e ortopedia, al\u00e9m do pronto atendimento e das unidades p\u00f3s-operat\u00f3ria e de terapia intensiva. S\u00e9rgio Andrade de Pinheiro Segundo, de 27 anos, ficou hospitalizado por nove dias e conta o impacto que o atendimento humanizado teve em sua vida. \u201cAp\u00f3s a recupera\u00e7\u00e3o da COVID, tudo teve um novo sentido para mim. Aprendi a valorizar ainda mais minha fam\u00edlia e meus amigos, pequenas coisas do dia a dia, que para muitos passam despercebidos. A chamada de v\u00eddeo para mim, e acredito que para todos os pacientes, \u00e9 uma esp\u00e9cie de combust\u00edvel que impulsiona nossa recupera\u00e7\u00e3o. Por meio dela, conseguimos contato com as pessoas que amamos. Nesse momento os psic\u00f3logos nos acolhem de uma forma especial, tornando a luta menos aterrorizante. Terei para sempre uma gratid\u00e3o imensa por todos os servidores do HSV, pois s\u00e3o anjos na terra\u201d.<\/p>\n\n\n\n<figure class=\"wp-block-image size-large\"><img loading=\"lazy\" decoding=\"async\" width=\"1195\" height=\"831\" src=\"https:\/\/tvtecjundiai.com.br\/news\/wp-content\/uploads\/sites\/2\/2021\/05\/Sandra-realiza-as-videochamadas-com-os-pacientes-e-seus-familiares.jpg\" alt=\"\" class=\"wp-image-76600\" srcset=\"https:\/\/tvtecjundiai.com.br\/news\/wp-content\/uploads\/sites\/2\/2021\/05\/Sandra-realiza-as-videochamadas-com-os-pacientes-e-seus-familiares.jpg 1195w, https:\/\/tvtecjundiai.com.br\/news\/wp-content\/uploads\/sites\/2\/2021\/05\/Sandra-realiza-as-videochamadas-com-os-pacientes-e-seus-familiares-300x209.jpg 300w, https:\/\/tvtecjundiai.com.br\/news\/wp-content\/uploads\/sites\/2\/2021\/05\/Sandra-realiza-as-videochamadas-com-os-pacientes-e-seus-familiares-768x534.jpg 768w\" sizes=\"auto, (max-width: 1195px) 100vw, 1195px\" \/><figcaption>Videochamada faz pacientes internados por COVID-19 se conectarem com fam\u00edlias<\/figcaption><\/figure>\n\n\n\n<p>Ap\u00f3s sua alta, o paciente fez quest\u00e3o de compartilhar com a equipe o nascimento de Benjamin, seu primeiro filho com a esposa. As fotos do momento foram enviadas para o n\u00famero utilizado pela equipe junto com uma mensagem de agradecimento. \u201cFoi um misto de alegria e emo\u00e7\u00e3o que voc\u00eas nem fazem ideia, lembrei dos dias dif\u00edceis que passei a\u00ed, mas o quanto valeu a pena cada esfor\u00e7o e o quanto foi importante cada ajuda que voc\u00eas me deram a\u00ed dentro. Dias atr\u00e1s nem sabia se voltaria pra casa e hoje a vida se renovou em forma de um pr\u00edncipe, o filho que Deus nos deu\u201d, diz parte do texto.<\/p>\n\n\n\n<p>\u201cO tablet tornou-se uma ferramenta potente, que promoveu neste um ano, e ainda promove, a liga\u00e7\u00e3o afetiva, o colo virtual, a resolutividades em situa\u00e7\u00f5es cr\u00edticas, minimizando o impacto gerado pelo adoecimento e distanciamento social. Hoje a psicologia se beneficia e se emociona com a devolutiva dos pacientes, que nos retornam por meio de mensagens ou fotos agradecendo o trabalho de todos\u201d, finaliza Sandra.<\/p>\n\n\n\n<p><em>(Texto\/Foto: Assessoria de Imprensa)<\/em><\/p>\n","protected":false},"excerpt":{"rendered":"<p>Um ano depois, o projeto foi ampliado e j\u00e1 beneficiou mais de 4 mil pessoas e re\u00fane hist\u00f3rias emocionantes<\/p>\n","protected":false},"author":28,"featured_media":76600,"comment_status":"closed","ping_status":"closed","sticky":false,"template":"","format":"standard","meta":{"footnotes":""},"categories":[8356,1],"tags":[],"class_list":["post-76599","post","type-post","status-publish","format-standard","has-post-thumbnail","hentry","category-jundiai","category-noticias"],"_links":{"self":[{"href":"https:\/\/tvtecjundiai.com.br\/news\/wp-json\/wp\/v2\/posts\/76599","targetHints":{"allow":["GET"]}}],"collection":[{"href":"https:\/\/tvtecjundiai.com.br\/news\/wp-json\/wp\/v2\/posts"}],"about":[{"href":"https:\/\/tvtecjundiai.com.br\/news\/wp-json\/wp\/v2\/types\/post"}],"author":[{"embeddable":true,"href":"https:\/\/tvtecjundiai.com.br\/news\/wp-json\/wp\/v2\/users\/28"}],"replies":[{"embeddable":true,"href":"https:\/\/tvtecjundiai.com.br\/news\/wp-json\/wp\/v2\/comments?post=76599"}],"version-history":[{"count":1,"href":"https:\/\/tvtecjundiai.com.br\/news\/wp-json\/wp\/v2\/posts\/76599\/revisions"}],"predecessor-version":[{"id":76602,"href":"https:\/\/tvtecjundiai.com.br\/news\/wp-json\/wp\/v2\/posts\/76599\/revisions\/76602"}],"wp:featuredmedia":[{"embeddable":true,"href":"https:\/\/tvtecjundiai.com.br\/news\/wp-json\/wp\/v2\/media\/76600"}],"wp:attachment":[{"href":"https:\/\/tvtecjundiai.com.br\/news\/wp-json\/wp\/v2\/media?parent=76599"}],"wp:term":[{"taxonomy":"category","embeddable":true,"href":"https:\/\/tvtecjundiai.com.br\/news\/wp-json\/wp\/v2\/categories?post=76599"},{"taxonomy":"post_tag","embeddable":true,"href":"https:\/\/tvtecjundiai.com.br\/news\/wp-json\/wp\/v2\/tags?post=76599"}],"curies":[{"name":"wp","href":"https:\/\/api.w.org\/{rel}","templated":true}]}}