{"id":76605,"date":"2021-05-28T13:42:48","date_gmt":"2021-05-28T16:42:48","guid":{"rendered":"https:\/\/tvtecjundiai.com.br\/news\/?p=76605"},"modified":"2021-05-28T13:42:48","modified_gmt":"2021-05-28T16:42:48","slug":"alunos-da-rede-municipal-de-ensino-de-jundiai-aprendem-brincando","status":"publish","type":"post","link":"https:\/\/tvtecjundiai.com.br\/news\/2021\/05\/28\/alunos-da-rede-municipal-de-ensino-de-jundiai-aprendem-brincando\/","title":{"rendered":"Alunos da rede municipal de ensino de Jundia\u00ed aprendem brincando"},"content":{"rendered":"\n<p>Bambol\u00eas, anima\u00e7\u00e3o e movimento foram os elementos necess\u00e1rios para a aula de educa\u00e7\u00e3o f\u00edsica dos alunos da EMEB Professora Maria Lucia Massarente Klinke, no Jardim Tulipas. Em uma aula divertida, as crian\u00e7as puderam se exercitar, brincar, dar risada e aprender. A atividade realizada ao ar livre faz parte da rotina dos alunos e da Semana Internacional do Brincar, comemorada de 22 a 30 de maio.<\/p>\n\n\n\n<p>Depois da divers\u00e3o com o bambol\u00ea, Gabrielle Vict\u00f3ria Vaz de Lima, de 5 anos, aproveitou o espa\u00e7o para balan\u00e7ar e experimentar um pouco mais da atividade ao ar livre. \u201cEu gosto de brincar no parque, de escorregar, de balan\u00e7ar\u201d, contou a aluna que ainda disse que j\u00e1 aprendeu como cuidar da boneca durante suas brincadeiras.\u00a0<\/p>\n\n\n\n<figure class=\"wp-block-image size-large\"><img loading=\"lazy\" decoding=\"async\" width=\"1200\" height=\"801\" src=\"https:\/\/tvtecjundiai.com.br\/news\/wp-content\/uploads\/sites\/2\/2021\/05\/semana-do-brincar_emeb-klinke-31-1200x801.jpg\" alt=\"\" class=\"wp-image-76606\" srcset=\"https:\/\/tvtecjundiai.com.br\/news\/wp-content\/uploads\/sites\/2\/2021\/05\/semana-do-brincar_emeb-klinke-31-1200x801.jpg 1200w, https:\/\/tvtecjundiai.com.br\/news\/wp-content\/uploads\/sites\/2\/2021\/05\/semana-do-brincar_emeb-klinke-31-300x200.jpg 300w, https:\/\/tvtecjundiai.com.br\/news\/wp-content\/uploads\/sites\/2\/2021\/05\/semana-do-brincar_emeb-klinke-31-768x512.jpg 768w, https:\/\/tvtecjundiai.com.br\/news\/wp-content\/uploads\/sites\/2\/2021\/05\/semana-do-brincar_emeb-klinke-31.jpg 1280w\" sizes=\"auto, (max-width: 1200px) 100vw, 1200px\" \/><figcaption>Brincar \u00e9 primordial para o desenvolvimento das crian\u00e7as<\/figcaption><\/figure>\n\n\n\n<p>J\u00e1 Kawany Ramos de Oliveira Alves conta que durante as atividades l\u00fadicas ela j\u00e1 aprendeu a escalar a \u00e1rvore e at\u00e9 a criar uma boneca com blocos de montar. \u201cEu gosto muito de brincar\u201d, afirmou a aluna de 5 anos.&nbsp;<\/p>\n\n\n\n<p>A coordenadora pedag\u00f3gica, Jaqueline Moura explica que as brincadeiras fazem parte da rotina da escola durante todo o ano letivo. O projeto institucional desenvolvido pela escola \u00e9 o \u201cBrincar de Qu\u00ea?\u201d, uma maneira de promover a intera\u00e7\u00e3o entre escola, fam\u00edlia e alunos.&nbsp;<\/p>\n\n\n\n<p>\u201cNada melhor do que aprender a partir do que gostamos e o que a crian\u00e7a mais gosta de fazer? De brincar, que \u00e9 a principal linguagem da crian\u00e7a. Por meio dessa atividade a crian\u00e7a se desenvolve, experimenta, pesquisa, investiga e aprende\u201d, explica a educadora.&nbsp;<\/p>\n\n\n\n<p>Assim como a EMEB Maria Lucia Massarente Klinke, as demais escolas da rede municipal de ensino promovem atividades l\u00fadicas durante todo o ano e nesta semana, as brincadeiras foram ainda mais intensificadas, tanto para os alunos que est\u00e3o em aulas presenciais como para os grupos que seguem em sistema remoto.\u00a0<\/p>\n\n\n\n<figure class=\"wp-block-image size-large\"><img loading=\"lazy\" decoding=\"async\" width=\"1200\" height=\"801\" src=\"https:\/\/tvtecjundiai.com.br\/news\/wp-content\/uploads\/sites\/2\/2021\/05\/semana-do-brincar_emeb-klinke-132-1200x801.jpg\" alt=\"\" class=\"wp-image-76607\" srcset=\"https:\/\/tvtecjundiai.com.br\/news\/wp-content\/uploads\/sites\/2\/2021\/05\/semana-do-brincar_emeb-klinke-132-1200x801.jpg 1200w, https:\/\/tvtecjundiai.com.br\/news\/wp-content\/uploads\/sites\/2\/2021\/05\/semana-do-brincar_emeb-klinke-132-300x200.jpg 300w, https:\/\/tvtecjundiai.com.br\/news\/wp-content\/uploads\/sites\/2\/2021\/05\/semana-do-brincar_emeb-klinke-132-768x512.jpg 768w, https:\/\/tvtecjundiai.com.br\/news\/wp-content\/uploads\/sites\/2\/2021\/05\/semana-do-brincar_emeb-klinke-132.jpg 1280w\" sizes=\"auto, (max-width: 1200px) 100vw, 1200px\" \/><figcaption>Gabrielle confirma que a atividade que a crian\u00e7a mais gosta de fazer \u00e9 brincar<\/figcaption><\/figure>\n\n\n\n<p>\u201cA brincadeira \u00e9 levada a s\u00e9rio, tanto que o desemparedamento da inf\u00e2ncia preconiza as atividades ao ar livre, que estimulam muito essa atividade. Nesta semana, em especial, lembramos a import\u00e2ncia do brincar para o desenvolvimento cognitivo, f\u00edsico, emocional e social das crian\u00e7as\u201d, afirma a diretora da Educa\u00e7\u00e3o Infantil da Unidade de Gest\u00e3o de Educa\u00e7\u00e3o, Tha\u00eds Non\u00f4.&nbsp;<\/p>\n\n\n\n<p>Por meio do Grupo de Trabalho Crian\u00e7a na Cidade, a Prefeitura de Jundia\u00ed promove, de 22 a 30 de maio, a Semana Mundial do Brincar, com um programa que visa mostrar a import\u00e2ncia do brincar no desenvolvimento das crian\u00e7as. Dentro da programa\u00e7\u00e3o das atividades ser\u00e1 realizada, na sexta-feira (28), das 13h30 \u00e0s 15 horas, a forma\u00e7\u00e3o \u201c\u00c9 brincando que eu me fa\u00e7o\u201d, com a supervisora pedag\u00f3gica da UGE, pedagoga e especialista em gest\u00e3o escolar e neuroci\u00eancia, Fabiane Bolsari, que ser\u00e1 transmitida via\u00a0<a href=\"https:\/\/conasems-br.zoom.us\/j\/96592265047?pwd=UW5CQTFVSG1nWXpnUjBuWlVMV3Nvdz09\">zoom<\/a>.\u00a0<\/p>\n\n\n\n<p><em>(Texto\/Imagem: Prefeitura de Jundia\u00ed)<\/em><\/p>\n","protected":false},"excerpt":{"rendered":"<p>Alunos de uma escola do Jardim Tulipas participaram de uma aula de educa\u00e7\u00e3o f\u00edsica ao ar livre<\/p>\n","protected":false},"author":28,"featured_media":76608,"comment_status":"closed","ping_status":"closed","sticky":false,"template":"","format":"standard","meta":{"footnotes":""},"categories":[8356,1],"tags":[],"class_list":["post-76605","post","type-post","status-publish","format-standard","has-post-thumbnail","hentry","category-jundiai","category-noticias"],"_links":{"self":[{"href":"https:\/\/tvtecjundiai.com.br\/news\/wp-json\/wp\/v2\/posts\/76605","targetHints":{"allow":["GET"]}}],"collection":[{"href":"https:\/\/tvtecjundiai.com.br\/news\/wp-json\/wp\/v2\/posts"}],"about":[{"href":"https:\/\/tvtecjundiai.com.br\/news\/wp-json\/wp\/v2\/types\/post"}],"author":[{"embeddable":true,"href":"https:\/\/tvtecjundiai.com.br\/news\/wp-json\/wp\/v2\/users\/28"}],"replies":[{"embeddable":true,"href":"https:\/\/tvtecjundiai.com.br\/news\/wp-json\/wp\/v2\/comments?post=76605"}],"version-history":[{"count":1,"href":"https:\/\/tvtecjundiai.com.br\/news\/wp-json\/wp\/v2\/posts\/76605\/revisions"}],"predecessor-version":[{"id":76609,"href":"https:\/\/tvtecjundiai.com.br\/news\/wp-json\/wp\/v2\/posts\/76605\/revisions\/76609"}],"wp:featuredmedia":[{"embeddable":true,"href":"https:\/\/tvtecjundiai.com.br\/news\/wp-json\/wp\/v2\/media\/76608"}],"wp:attachment":[{"href":"https:\/\/tvtecjundiai.com.br\/news\/wp-json\/wp\/v2\/media?parent=76605"}],"wp:term":[{"taxonomy":"category","embeddable":true,"href":"https:\/\/tvtecjundiai.com.br\/news\/wp-json\/wp\/v2\/categories?post=76605"},{"taxonomy":"post_tag","embeddable":true,"href":"https:\/\/tvtecjundiai.com.br\/news\/wp-json\/wp\/v2\/tags?post=76605"}],"curies":[{"name":"wp","href":"https:\/\/api.w.org\/{rel}","templated":true}]}}