{"id":76610,"date":"2021-05-28T13:55:47","date_gmt":"2021-05-28T16:55:47","guid":{"rendered":"https:\/\/tvtecjundiai.com.br\/news\/?p=76610"},"modified":"2021-05-28T14:23:57","modified_gmt":"2021-05-28T17:23:57","slug":"final-de-semana-em-jundiai-tera-chegada-de-nova-frente-fria-1","status":"publish","type":"post","link":"https:\/\/tvtecjundiai.com.br\/news\/2021\/05\/28\/final-de-semana-em-jundiai-tera-chegada-de-nova-frente-fria-1\/","title":{"rendered":"Final de semana em Jundia\u00ed ter\u00e1 chegada de nova frente fria"},"content":{"rendered":"\n<p>A Defesa Civil do Estado informa que, no s\u00e1bado (29) e domingo (30), uma nova frente fria ir\u00e1 avan\u00e7ar sobre o Estado, havendo condi\u00e7\u00f5es para chuvas, podendo ser registrados momentos com pancadas generalizadas, sem a expressiva queda de temperatura, como ocorrido na semana anterior.<\/p>\n\n\n\n<p>\u201cA baixa umidade relativa do ar chegou indicadores baixos ao longo da semana, o que ter\u00e1, pequeno al\u00edvio no final de semana, com a chegada de nova frente fria. as temperaturas devem alcan\u00e7ar as m\u00e1ximas entre 26\u00b0C a 23\u00b0C entre os dois dias. A popula\u00e7\u00e3o deve se atentar \u00e0 hidrata\u00e7\u00e3o constante e com o os riscos de inc\u00eandio\u201d, comenta o coordenador da Defesa Civil de Jundia\u00ed, coronel Jo\u00e3o Os\u00f3rio Gimenez.<\/p>\n\n\n\n<p>No s\u00e1bado (29), o sol aparece com algumas nuvens e h\u00e1 previs\u00e3o de pancadas de chuva durante o dia e \u00e0 noite. A m\u00e1xima ser\u00e1 de 26\u00ba e a m\u00ednima de 18\u00ba. O domingo (30) tamb\u00e9m seguir\u00e1 com a mesma previs\u00e3o de s\u00e1bado; o sol deve aparecer entre nuvens e haver\u00e1 pancadas de chuva durante todo o dia. A m\u00e1xima para o domingo \u00e9 de 27\u00ba e a m\u00ednima de 17\u00ba. <\/p>\n\n\n\n<p>Em caso de necessidade, a Defesa Civil pode ser contatada pelos telefones 199 ou 4586-0666. O \u00f3rg\u00e3o orienta que em caso de fortes chuvas, ventos e descargas el\u00e9tricas as pessoas evitem sair de casa e desliguem aparelhos das tomadas. Quem estiver no tr\u00e2nsito ou na rua deve procurar abrigo em locais seguros.<\/p>\n\n\n\n<p>O Boletim Meteorol\u00f3gico da Opera\u00e7\u00e3o Estiagem pode ser consultado no site da Prefeitura de Jundia\u00ed.<\/p>\n\n\n\n<figure class=\"wp-block-image size-large\"><img loading=\"lazy\" decoding=\"async\" width=\"1200\" height=\"801\" src=\"https:\/\/tvtecjundiai.com.br\/news\/wp-content\/uploads\/sites\/2\/2021\/05\/vista_jundiai-5-1-1200x801.jpg\" alt=\"\" class=\"wp-image-76611\" srcset=\"https:\/\/tvtecjundiai.com.br\/news\/wp-content\/uploads\/sites\/2\/2021\/05\/vista_jundiai-5-1-1200x801.jpg 1200w, https:\/\/tvtecjundiai.com.br\/news\/wp-content\/uploads\/sites\/2\/2021\/05\/vista_jundiai-5-1-300x200.jpg 300w, https:\/\/tvtecjundiai.com.br\/news\/wp-content\/uploads\/sites\/2\/2021\/05\/vista_jundiai-5-1-768x512.jpg 768w, https:\/\/tvtecjundiai.com.br\/news\/wp-content\/uploads\/sites\/2\/2021\/05\/vista_jundiai-5-1.jpg 1280w\" sizes=\"auto, (max-width: 1200px) 100vw, 1200px\" \/><figcaption>Frente fria \u00e9 esperada entre s\u00e1bado e domingo<\/figcaption><\/figure>\n\n\n\n<p><em>(Texto\/Imagem: Prefeitura de Jundia\u00ed)<\/em><\/p>\n","protected":false},"excerpt":{"rendered":"<p>Tamb\u00e9m haver\u00e1 previs\u00e3o para chuva, podendo ser registrados momentos com pancadas generalizadas<\/p>\n","protected":false},"author":28,"featured_media":76615,"comment_status":"closed","ping_status":"closed","sticky":false,"template":"","format":"standard","meta":{"footnotes":""},"categories":[8356,1],"tags":[],"class_list":["post-76610","post","type-post","status-publish","format-standard","has-post-thumbnail","hentry","category-jundiai","category-noticias"],"_links":{"self":[{"href":"https:\/\/tvtecjundiai.com.br\/news\/wp-json\/wp\/v2\/posts\/76610","targetHints":{"allow":["GET"]}}],"collection":[{"href":"https:\/\/tvtecjundiai.com.br\/news\/wp-json\/wp\/v2\/posts"}],"about":[{"href":"https:\/\/tvtecjundiai.com.br\/news\/wp-json\/wp\/v2\/types\/post"}],"author":[{"embeddable":true,"href":"https:\/\/tvtecjundiai.com.br\/news\/wp-json\/wp\/v2\/users\/28"}],"replies":[{"embeddable":true,"href":"https:\/\/tvtecjundiai.com.br\/news\/wp-json\/wp\/v2\/comments?post=76610"}],"version-history":[{"count":1,"href":"https:\/\/tvtecjundiai.com.br\/news\/wp-json\/wp\/v2\/posts\/76610\/revisions"}],"predecessor-version":[{"id":76612,"href":"https:\/\/tvtecjundiai.com.br\/news\/wp-json\/wp\/v2\/posts\/76610\/revisions\/76612"}],"wp:featuredmedia":[{"embeddable":true,"href":"https:\/\/tvtecjundiai.com.br\/news\/wp-json\/wp\/v2\/media\/76615"}],"wp:attachment":[{"href":"https:\/\/tvtecjundiai.com.br\/news\/wp-json\/wp\/v2\/media?parent=76610"}],"wp:term":[{"taxonomy":"category","embeddable":true,"href":"https:\/\/tvtecjundiai.com.br\/news\/wp-json\/wp\/v2\/categories?post=76610"},{"taxonomy":"post_tag","embeddable":true,"href":"https:\/\/tvtecjundiai.com.br\/news\/wp-json\/wp\/v2\/tags?post=76610"}],"curies":[{"name":"wp","href":"https:\/\/api.w.org\/{rel}","templated":true}]}}