{"id":76621,"date":"2021-05-31T09:00:00","date_gmt":"2021-05-31T12:00:00","guid":{"rendered":"https:\/\/tvtecjundiai.com.br\/news\/?p=76621"},"modified":"2021-05-28T17:22:11","modified_gmt":"2021-05-28T20:22:11","slug":"eu-venci-e-isso-e-muito-bom-comemora-paciente-depois-de-se-recuperar-da-covid-19","status":"publish","type":"post","link":"https:\/\/tvtecjundiai.com.br\/news\/2021\/05\/31\/eu-venci-e-isso-e-muito-bom-comemora-paciente-depois-de-se-recuperar-da-covid-19\/","title":{"rendered":"\u201cEu venci e isso \u00e9 muito bom\u201d, comemora paciente depois de se recuperar da COVID-19"},"content":{"rendered":"\n<p>A moradora de Jundia\u00ed, Ilvanete Aparecida Pereira, de 59 anos, comemora sua luta contra a COVID-19. \u201cEu venci e isso \u00e9 muito bom\u201d, celebra ela, depois de ficar tr\u00eas dias internada no Hospital S\u00e3o Vicente de Paulo.<\/p>\n\n\n\n<p>Diferente de muitos casos, Ilvanete n\u00e3o teve os sintomas caracter\u00edsticos da doen\u00e7a, como febre alta, dor de cabe\u00e7a e dor no corpo. \u201cNa realidade, eu n\u00e3o achava que eu estava ruim, achava que era s\u00f3 uma crise de asma, eu estava respirando muito pouco, mas eu n\u00e3o tinha no\u00e7\u00e3o que era t\u00e3o grave\u201d, lembra. Mas ao chegar ao hospital, Ilvanete j\u00e1 estava com 25% do pulm\u00e3o comprometido.<\/p>\n\n\n\n<figure class=\"wp-block-image size-large\"><img loading=\"lazy\" decoding=\"async\" width=\"1200\" height=\"675\" src=\"https:\/\/tvtecjundiai.com.br\/news\/wp-content\/uploads\/sites\/2\/2021\/05\/ILVANETE-PACIENTE-COVID-1200x675.jpg\" alt=\"\" class=\"wp-image-76651\" srcset=\"https:\/\/tvtecjundiai.com.br\/news\/wp-content\/uploads\/sites\/2\/2021\/05\/ILVANETE-PACIENTE-COVID-1200x675.jpg 1200w, https:\/\/tvtecjundiai.com.br\/news\/wp-content\/uploads\/sites\/2\/2021\/05\/ILVANETE-PACIENTE-COVID-300x169.jpg 300w, https:\/\/tvtecjundiai.com.br\/news\/wp-content\/uploads\/sites\/2\/2021\/05\/ILVANETE-PACIENTE-COVID-768x432.jpg 768w, https:\/\/tvtecjundiai.com.br\/news\/wp-content\/uploads\/sites\/2\/2021\/05\/ILVANETE-PACIENTE-COVID.jpg 1280w\" sizes=\"auto, (max-width: 1200px) 100vw, 1200px\" \/><figcaption>O que mais marcou Ilvanete durante sua interna\u00e7\u00e3o foi o conv\u00edvio com outros pacientes <\/figcaption><\/figure>\n\n\n\n<p>Desde o in\u00edcio da pandemia, Ilvanete sempre procurou tomar todos os cuidados, como evitar sair sem necessidade e utilizar o \u00e1lcool gel. \u201cSempre tive muito medo, a gente nunca saia para lugar nenhum\u201d, diz.<\/p>\n\n\n\n<p>O que mais marcou Ilvanete durante esse tempo internada foi o conv\u00edvio com outros pacientes, que permaneceram internados, ap\u00f3s ela ter alta. \u201cProcurava sempre confortar as pessoas que estavam do meu lado e foi o que eu achei mais dif\u00edcil\u201d, conta. Ilvanete se lembra de uma paciente que estava internada no mesmo quarto que o dela, e que passou por momentos dif\u00edceis. \u201cAquilo ficou na minha cabe\u00e7a e eu n\u00e3o conseguia dormir pensando nas pessoas que ficaram l\u00e1, \u00e9 complicado voc\u00ea ver, voc\u00ea fica impotente\u201d, desabafa.<\/p>\n\n\n\n<p>Durante a experi\u00eancia com a COVID-19, Ilvanete s\u00f3 pensava em rever a fam\u00edlia. \u201cO que eu mais queria mesmo era dar um abra\u00e7o na minha m\u00e3e, no meu filho. Sabe aquele abra\u00e7o de m\u00e3e e filho? Passou o anivers\u00e1rio e eu n\u00e3o pude dar um abra\u00e7o nele\u201d, se emociona.<\/p>\n\n\n\n<p><em>(Texto\/Imagem: TVTEC)<\/em><\/p>\n\n\n\n<figure class=\"wp-block-embed is-type-video is-provider-youtube wp-block-embed-youtube wp-embed-aspect-16-9 wp-has-aspect-ratio\"><div class=\"wp-block-embed__wrapper\">\n<iframe loading=\"lazy\" title=\"&quot;EU VENCI E ISSO \u00c9 MUITO BOM&quot;\" width=\"500\" height=\"281\" src=\"https:\/\/www.youtube.com\/embed\/_5QOB-VAGyM?feature=oembed\" frameborder=\"0\" allow=\"accelerometer; autoplay; clipboard-write; encrypted-media; gyroscope; picture-in-picture; web-share\" referrerpolicy=\"strict-origin-when-cross-origin\" allowfullscreen><\/iframe>\n<\/div><\/figure>\n","protected":false},"excerpt":{"rendered":"<p>Ilvanete Aparecida Pereira ficou tr\u00eas dias internada no Hospital S\u00e3o Vicente<\/p>\n","protected":false},"author":28,"featured_media":76651,"comment_status":"closed","ping_status":"closed","sticky":false,"template":"","format":"standard","meta":{"footnotes":""},"categories":[8356,1],"tags":[],"class_list":["post-76621","post","type-post","status-publish","format-standard","has-post-thumbnail","hentry","category-jundiai","category-noticias"],"_links":{"self":[{"href":"https:\/\/tvtecjundiai.com.br\/news\/wp-json\/wp\/v2\/posts\/76621","targetHints":{"allow":["GET"]}}],"collection":[{"href":"https:\/\/tvtecjundiai.com.br\/news\/wp-json\/wp\/v2\/posts"}],"about":[{"href":"https:\/\/tvtecjundiai.com.br\/news\/wp-json\/wp\/v2\/types\/post"}],"author":[{"embeddable":true,"href":"https:\/\/tvtecjundiai.com.br\/news\/wp-json\/wp\/v2\/users\/28"}],"replies":[{"embeddable":true,"href":"https:\/\/tvtecjundiai.com.br\/news\/wp-json\/wp\/v2\/comments?post=76621"}],"version-history":[{"count":2,"href":"https:\/\/tvtecjundiai.com.br\/news\/wp-json\/wp\/v2\/posts\/76621\/revisions"}],"predecessor-version":[{"id":76652,"href":"https:\/\/tvtecjundiai.com.br\/news\/wp-json\/wp\/v2\/posts\/76621\/revisions\/76652"}],"wp:featuredmedia":[{"embeddable":true,"href":"https:\/\/tvtecjundiai.com.br\/news\/wp-json\/wp\/v2\/media\/76651"}],"wp:attachment":[{"href":"https:\/\/tvtecjundiai.com.br\/news\/wp-json\/wp\/v2\/media?parent=76621"}],"wp:term":[{"taxonomy":"category","embeddable":true,"href":"https:\/\/tvtecjundiai.com.br\/news\/wp-json\/wp\/v2\/categories?post=76621"},{"taxonomy":"post_tag","embeddable":true,"href":"https:\/\/tvtecjundiai.com.br\/news\/wp-json\/wp\/v2\/tags?post=76621"}],"curies":[{"name":"wp","href":"https:\/\/api.w.org\/{rel}","templated":true}]}}