{"id":76623,"date":"2021-05-28T16:13:34","date_gmt":"2021-05-28T19:13:34","guid":{"rendered":"https:\/\/tvtecjundiai.com.br\/news\/?p=76623"},"modified":"2021-05-28T16:13:34","modified_gmt":"2021-05-28T19:13:34","slug":"covid-19-ministerio-da-saude-vai-antecipar-vacinacao-de-profissionais-da-educacao","status":"publish","type":"post","link":"https:\/\/tvtecjundiai.com.br\/news\/2021\/05\/28\/covid-19-ministerio-da-saude-vai-antecipar-vacinacao-de-profissionais-da-educacao\/","title":{"rendered":"COVID-19: Minist\u00e9rio da Sa\u00fade vai antecipar vacina\u00e7\u00e3o de profissionais da educa\u00e7\u00e3o"},"content":{"rendered":"\n<p>O Minist\u00e9rio da Sa\u00fade informou que vai antecipar a vacina\u00e7\u00e3o contra a COVID-19 para os profissionais da educa\u00e7\u00e3o. A orienta\u00e7\u00e3o da pasta \u00e9 a de priorizar os trabalhadores que atuam em creches e, de maneira escalonada, ir ampliando a vacina\u00e7\u00e3o para os que trabalham em pr\u00e9-escolas, ensino fundamental, ensino m\u00e9dio, profissionalizantes e educadores de jovens e adultos. Na sequ\u00eancia, os vacinados ser\u00e3o os trabalhadores da educa\u00e7\u00e3o do ensino superior.<img decoding=\"async\" src=\"https:\/\/agenciabrasil.ebc.com.br\/ebc.png?id=1411038&amp;o=node\"><img decoding=\"async\" src=\"https:\/\/agenciabrasil.ebc.com.br\/ebc.gif?id=1411038&amp;o=node\"><\/p>\n\n\n\n<p>Segundo o minist\u00e9rio, a prioriza\u00e7\u00e3o dos profissionais da educa\u00e7\u00e3o se deve aos impactos sociais ocasionados pela COVID-19, associados \u00e0 necessidade de volta \u00e0s aulas presenciais. \u201cAs creches e escolas contribuem n\u00e3o s\u00f3 para a educa\u00e7\u00e3o de milhares de brasileirinhos como tamb\u00e9m garantem a seguran\u00e7a alimentar das crian\u00e7as\u201d, justificou.<\/p>\n\n\n\n<p>Na mesma nota, divulgada nesta sexta-feira (28), o minist\u00e9rio informa que, paralelamente, autoriza o in\u00edcio da vacina\u00e7\u00e3o para a popula\u00e7\u00e3o geral, entre 18 e 59 anos, nos estados e munic\u00edpios que relataram demanda diminu\u00edda dos grupos elencados no plano de vacina\u00e7\u00e3o.<\/p>\n\n\n\n<figure class=\"wp-block-image size-large\"><img loading=\"lazy\" decoding=\"async\" width=\"1170\" height=\"700\" src=\"https:\/\/tvtecjundiai.com.br\/news\/wp-content\/uploads\/sites\/2\/2021\/05\/vacinacao_drive_thru_universidade_estadual_do_rio_de_janeiro_uerj_tnrgo_abr_2502214594_0.jpg\" alt=\"\" class=\"wp-image-76624\" srcset=\"https:\/\/tvtecjundiai.com.br\/news\/wp-content\/uploads\/sites\/2\/2021\/05\/vacinacao_drive_thru_universidade_estadual_do_rio_de_janeiro_uerj_tnrgo_abr_2502214594_0.jpg 1170w, https:\/\/tvtecjundiai.com.br\/news\/wp-content\/uploads\/sites\/2\/2021\/05\/vacinacao_drive_thru_universidade_estadual_do_rio_de_janeiro_uerj_tnrgo_abr_2502214594_0-300x179.jpg 300w, https:\/\/tvtecjundiai.com.br\/news\/wp-content\/uploads\/sites\/2\/2021\/05\/vacinacao_drive_thru_universidade_estadual_do_rio_de_janeiro_uerj_tnrgo_abr_2502214594_0-768x459.jpg 768w\" sizes=\"auto, (max-width: 1170px) 100vw, 1170px\" \/><figcaption>A orienta\u00e7\u00e3o da pasta \u00e9 a de priorizar os trabalhadores que atuam em creches<\/figcaption><\/figure>\n\n\n\n<p>\u201cEsse grupo poder\u00e1 come\u00e7ar a ser imunizado de maneira escalonada e por faixas et\u00e1rias decrescentes, desde que a vacina\u00e7\u00e3o dos grupos priorit\u00e1rios restantes seja mantida e cumprida, de acordo com a ordem estabelecida pelo PNO [Plano Nacional de Operacionaliza\u00e7\u00e3o de Vacina\u00e7\u00e3o contra a COVID-19]\u201d, acrescenta o minist\u00e9rio ao informar que come\u00e7ar\u00e1 a enviar doses aos estados, de forma escalonada, para atender a esse p\u00fablico, juntamente com outros grupos priorit\u00e1rios.<\/p>\n\n\n\n<p><em>(Texto\/Imagem: Ag\u00eancia Brasil)<\/em><\/p>\n","protected":false},"excerpt":{"rendered":"<p>Minist\u00e9rio informa que, paralelamente, autoriza o in\u00edcio da vacina\u00e7\u00e3o para a popula\u00e7\u00e3o geral, entre 18 e 59 anos<\/p>\n","protected":false},"author":28,"featured_media":76624,"comment_status":"closed","ping_status":"closed","sticky":false,"template":"","format":"standard","meta":{"footnotes":""},"categories":[8356,1],"tags":[],"class_list":["post-76623","post","type-post","status-publish","format-standard","has-post-thumbnail","hentry","category-jundiai","category-noticias"],"_links":{"self":[{"href":"https:\/\/tvtecjundiai.com.br\/news\/wp-json\/wp\/v2\/posts\/76623","targetHints":{"allow":["GET"]}}],"collection":[{"href":"https:\/\/tvtecjundiai.com.br\/news\/wp-json\/wp\/v2\/posts"}],"about":[{"href":"https:\/\/tvtecjundiai.com.br\/news\/wp-json\/wp\/v2\/types\/post"}],"author":[{"embeddable":true,"href":"https:\/\/tvtecjundiai.com.br\/news\/wp-json\/wp\/v2\/users\/28"}],"replies":[{"embeddable":true,"href":"https:\/\/tvtecjundiai.com.br\/news\/wp-json\/wp\/v2\/comments?post=76623"}],"version-history":[{"count":1,"href":"https:\/\/tvtecjundiai.com.br\/news\/wp-json\/wp\/v2\/posts\/76623\/revisions"}],"predecessor-version":[{"id":76625,"href":"https:\/\/tvtecjundiai.com.br\/news\/wp-json\/wp\/v2\/posts\/76623\/revisions\/76625"}],"wp:featuredmedia":[{"embeddable":true,"href":"https:\/\/tvtecjundiai.com.br\/news\/wp-json\/wp\/v2\/media\/76624"}],"wp:attachment":[{"href":"https:\/\/tvtecjundiai.com.br\/news\/wp-json\/wp\/v2\/media?parent=76623"}],"wp:term":[{"taxonomy":"category","embeddable":true,"href":"https:\/\/tvtecjundiai.com.br\/news\/wp-json\/wp\/v2\/categories?post=76623"},{"taxonomy":"post_tag","embeddable":true,"href":"https:\/\/tvtecjundiai.com.br\/news\/wp-json\/wp\/v2\/tags?post=76623"}],"curies":[{"name":"wp","href":"https:\/\/api.w.org\/{rel}","templated":true}]}}