{"id":76629,"date":"2021-05-28T16:48:52","date_gmt":"2021-05-28T19:48:52","guid":{"rendered":"https:\/\/tvtecjundiai.com.br\/news\/?p=76629"},"modified":"2021-05-28T16:48:52","modified_gmt":"2021-05-28T19:48:52","slug":"nesta-sexta-feira-28-jundiai-contabiliza-seis-obitos-causados-pela-covid-19","status":"publish","type":"post","link":"https:\/\/tvtecjundiai.com.br\/news\/2021\/05\/28\/nesta-sexta-feira-28-jundiai-contabiliza-seis-obitos-causados-pela-covid-19\/","title":{"rendered":"Nesta sexta-feira (28), Jundia\u00ed contabiliza seis \u00f3bitos causados pela COVID-19"},"content":{"rendered":"\n<p>A Prefeitura de Jundia\u00ed informa que, nesta sexta-feira (28), seis \u00f3bitos foram contabilizados de residentes na cidade causados pelo Novo Coronav\u00edrus.<\/p>\n\n\n\n<p>Homem, 54 anos, portador de doen\u00e7a cardiovascular cr\u00f4nica. Internou 02\/05 e&nbsp; faleceu 27\/05 em hospital privado da cidade.<\/p>\n\n\n\n<p>Mulher, 58 anos, diab\u00e9tica, portadora de doen\u00e7a cardiovascular e nefropatia cr\u00f4nicas. Internou 14\/05 e faleceu 27\/05 em hospital privado da cidade.<\/p>\n\n\n\n<p>Mulher, 52 anos,&nbsp; asm\u00e1tica e portadora de doen\u00e7a cardiovascular cr\u00f4nica.&nbsp; Internou 15\/04 e&nbsp; faleceu 27\/05 hospital no S\u00e3o Vicente.<\/p>\n\n\n\n<p>Mulher, 53 anos, portadora de doen\u00e7a cardiovascular cr\u00f4nica. Internou 10\/05 e faleceu 28\/05 no hospital S\u00e3o Vicente.<\/p>\n\n\n\n<p>Homem, 64 anos, portador de doen\u00e7a cardiovascular cr\u00f4nica e diabetes. Internou 08\/05 e faleceu 28\/05 no hospital S\u00e3o Vicente.<\/p>\n\n\n\n<p>Homem, 57 anos, portador de doen\u00e7a cardiovascular cr\u00f4nica e diabetes. Internou 10\/05 e faleceu 27\/05 em hospital privado da cidade.<\/p>\n\n\n\n<p>At\u00e9 o momento, a cidade registra 1197 \u00f3bitos causados pela COVID-19 desde o in\u00edcio da pandemia.<\/p>\n\n\n\n<figure class=\"wp-block-image size-large\"><img loading=\"lazy\" decoding=\"async\" width=\"960\" height=\"960\" src=\"https:\/\/tvtecjundiai.com.br\/news\/wp-content\/uploads\/sites\/2\/2021\/05\/slide1-21-960x960.png\" alt=\"\" class=\"wp-image-76631\" srcset=\"https:\/\/tvtecjundiai.com.br\/news\/wp-content\/uploads\/sites\/2\/2021\/05\/slide1-21-960x960.png 960w, https:\/\/tvtecjundiai.com.br\/news\/wp-content\/uploads\/sites\/2\/2021\/05\/slide1-21-300x300.png 300w, https:\/\/tvtecjundiai.com.br\/news\/wp-content\/uploads\/sites\/2\/2021\/05\/slide1-21-100x100.png 100w, https:\/\/tvtecjundiai.com.br\/news\/wp-content\/uploads\/sites\/2\/2021\/05\/slide1-21-768x768.png 768w, https:\/\/tvtecjundiai.com.br\/news\/wp-content\/uploads\/sites\/2\/2021\/05\/slide1-21.png 1280w\" sizes=\"auto, (max-width: 960px) 100vw, 960px\" \/><\/figure>\n\n\n\n<figure class=\"wp-block-image size-large\"><img loading=\"lazy\" decoding=\"async\" width=\"960\" height=\"960\" src=\"https:\/\/tvtecjundiai.com.br\/news\/wp-content\/uploads\/sites\/2\/2021\/05\/slide2-19-960x960.png\" alt=\"\" class=\"wp-image-76632\" srcset=\"https:\/\/tvtecjundiai.com.br\/news\/wp-content\/uploads\/sites\/2\/2021\/05\/slide2-19-960x960.png 960w, https:\/\/tvtecjundiai.com.br\/news\/wp-content\/uploads\/sites\/2\/2021\/05\/slide2-19-300x300.png 300w, https:\/\/tvtecjundiai.com.br\/news\/wp-content\/uploads\/sites\/2\/2021\/05\/slide2-19-100x100.png 100w, https:\/\/tvtecjundiai.com.br\/news\/wp-content\/uploads\/sites\/2\/2021\/05\/slide2-19-768x768.png 768w, https:\/\/tvtecjundiai.com.br\/news\/wp-content\/uploads\/sites\/2\/2021\/05\/slide2-19.png 1280w\" sizes=\"auto, (max-width: 960px) 100vw, 960px\" \/><\/figure>\n\n\n\n<p><em>(Texto\/Imagem: Prefeitura de Jundia\u00ed)<\/em><\/p>\n","protected":false},"excerpt":{"rendered":"<p>Tamb\u00e9m foram registrados 111 novos casos da doen\u00e7a <\/p>\n","protected":false},"author":28,"featured_media":72287,"comment_status":"closed","ping_status":"closed","sticky":false,"template":"","format":"standard","meta":{"footnotes":""},"categories":[8356,1],"tags":[],"class_list":["post-76629","post","type-post","status-publish","format-standard","has-post-thumbnail","hentry","category-jundiai","category-noticias"],"_links":{"self":[{"href":"https:\/\/tvtecjundiai.com.br\/news\/wp-json\/wp\/v2\/posts\/76629","targetHints":{"allow":["GET"]}}],"collection":[{"href":"https:\/\/tvtecjundiai.com.br\/news\/wp-json\/wp\/v2\/posts"}],"about":[{"href":"https:\/\/tvtecjundiai.com.br\/news\/wp-json\/wp\/v2\/types\/post"}],"author":[{"embeddable":true,"href":"https:\/\/tvtecjundiai.com.br\/news\/wp-json\/wp\/v2\/users\/28"}],"replies":[{"embeddable":true,"href":"https:\/\/tvtecjundiai.com.br\/news\/wp-json\/wp\/v2\/comments?post=76629"}],"version-history":[{"count":1,"href":"https:\/\/tvtecjundiai.com.br\/news\/wp-json\/wp\/v2\/posts\/76629\/revisions"}],"predecessor-version":[{"id":76633,"href":"https:\/\/tvtecjundiai.com.br\/news\/wp-json\/wp\/v2\/posts\/76629\/revisions\/76633"}],"wp:featuredmedia":[{"embeddable":true,"href":"https:\/\/tvtecjundiai.com.br\/news\/wp-json\/wp\/v2\/media\/72287"}],"wp:attachment":[{"href":"https:\/\/tvtecjundiai.com.br\/news\/wp-json\/wp\/v2\/media?parent=76629"}],"wp:term":[{"taxonomy":"category","embeddable":true,"href":"https:\/\/tvtecjundiai.com.br\/news\/wp-json\/wp\/v2\/categories?post=76629"},{"taxonomy":"post_tag","embeddable":true,"href":"https:\/\/tvtecjundiai.com.br\/news\/wp-json\/wp\/v2\/tags?post=76629"}],"curies":[{"name":"wp","href":"https:\/\/api.w.org\/{rel}","templated":true}]}}