{"id":76634,"date":"2021-05-28T16:55:53","date_gmt":"2021-05-28T19:55:53","guid":{"rendered":"https:\/\/tvtecjundiai.com.br\/news\/?p=76634"},"modified":"2021-05-28T16:55:53","modified_gmt":"2021-05-28T19:55:53","slug":"hospital-universitario-realiza-semana-da-campanha-de-higienizacao-das-maos-de-2021","status":"publish","type":"post","link":"https:\/\/tvtecjundiai.com.br\/news\/2021\/05\/28\/hospital-universitario-realiza-semana-da-campanha-de-higienizacao-das-maos-de-2021\/","title":{"rendered":"Hospital Universit\u00e1rio realiza Semana da Campanha de Higieniza\u00e7\u00e3o das M\u00e3os de 2021"},"content":{"rendered":"\n<p>O Dia Mundial de Higieniza\u00e7\u00e3o das M\u00e3os \u00e9 uma&nbsp;data criada pela Organiza\u00e7\u00e3o Mundial da Sa\u00fade para refor\u00e7ar o quanto \u00e9 importante esse h\u00e1bito de higiene. Juntos, \u00e1gua e sab\u00e3o ou solu\u00e7\u00e3o alco\u00f3lica, agem contra amea\u00e7as invis\u00edveis.<\/p>\n\n\n\n<p>A data foi comemorada no \u00faltimo dia 5, mas o Hospital Universit\u00e1rio de Jundia\u00ed aproveitando a situa\u00e7\u00e3o atual e a import\u00e2ncia do ato de higienizar as m\u00e3os vem realizando a Campanha de Higieniza\u00e7\u00e3o das M\u00e3os 2021 em todos os setores. Treinamentos, atividades, quiz e sorteios est\u00e3o sendo aplicados nos profissionais, a fim de refor\u00e7ar a t\u00e9cnica e a import\u00e2ncia da higieniza\u00e7\u00e3o das m\u00e3os.<\/p>\n\n\n\n<p>Em tempos de pandemia, refor\u00e7ar o cuidado com a higiene nunca foi t\u00e3o necess\u00e1rio.&nbsp; Lavar as m\u00e3os \u00e9 uma das principais formas de evitar o novo coronav\u00edrus, segundo a equipe do Servi\u00e7o de Controle de infec\u00e7\u00e3o Hospitalar do Hospital Universit\u00e1rio de Jundia\u00ed.&nbsp;<\/p>\n\n\n\n<div class=\"wp-block-image\"><figure class=\"aligncenter size-large\"><img loading=\"lazy\" decoding=\"async\" width=\"458\" height=\"375\" src=\"https:\/\/tvtecjundiai.com.br\/news\/wp-content\/uploads\/sites\/2\/2021\/05\/image013.jpg\" alt=\"\" class=\"wp-image-76635\" srcset=\"https:\/\/tvtecjundiai.com.br\/news\/wp-content\/uploads\/sites\/2\/2021\/05\/image013.jpg 458w, https:\/\/tvtecjundiai.com.br\/news\/wp-content\/uploads\/sites\/2\/2021\/05\/image013-300x246.jpg 300w\" sizes=\"auto, (max-width: 458px) 100vw, 458px\" \/><\/figure><\/div>\n\n\n\n<p>De acordo com a enfermeira do SCIH, Daniele Rodrigues Oliveira, a campanha deste ano \u00e9 reconhec\u00ea-la como uma das a\u00e7\u00f5es mais eficazes para reduzir e prevenir infec\u00e7\u00f5es, incluindo o Novo Coronav\u00edrus. \u201cProfissionais da sa\u00fade e todas as pessoas, incluindo pacientes, acompanhantes e visitantes, devem ter papel importante na preven\u00e7\u00e3o de infec\u00e7\u00f5es praticando a higiene regular e frequente das m\u00e3os\u201d.\u00a0<\/p>\n\n\n\n<p>Pode parecer um ato simples, mas a higieniza\u00e7\u00e3o das m\u00e3os \u00e9 a a\u00e7\u00e3o mais eficiente para o controle de infec\u00e7\u00f5es e preven\u00e7\u00e3o da transmiss\u00e3o de microrganismos. Pois a m\u00e3o \u00e9 o principal meio de se contaminar. Por meio das m\u00e3os voc\u00ea pode buscar ou levar quase todos os tipos de doen\u00e7as, que existem em qualquer lugar do corpo ou em superf\u00edcies.<\/p>\n\n\n\n<p><em>(Texto\/Imagem: Assessoria de Imprensa)<\/em><\/p>\n","protected":false},"excerpt":{"rendered":"<p>Em tempos de pandemia, refor\u00e7ar o cuidado com a higiene nunca foi t\u00e3o necess\u00e1rio<\/p>\n","protected":false},"author":28,"featured_media":76636,"comment_status":"closed","ping_status":"closed","sticky":false,"template":"","format":"standard","meta":{"footnotes":""},"categories":[8356,1],"tags":[],"class_list":["post-76634","post","type-post","status-publish","format-standard","has-post-thumbnail","hentry","category-jundiai","category-noticias"],"_links":{"self":[{"href":"https:\/\/tvtecjundiai.com.br\/news\/wp-json\/wp\/v2\/posts\/76634","targetHints":{"allow":["GET"]}}],"collection":[{"href":"https:\/\/tvtecjundiai.com.br\/news\/wp-json\/wp\/v2\/posts"}],"about":[{"href":"https:\/\/tvtecjundiai.com.br\/news\/wp-json\/wp\/v2\/types\/post"}],"author":[{"embeddable":true,"href":"https:\/\/tvtecjundiai.com.br\/news\/wp-json\/wp\/v2\/users\/28"}],"replies":[{"embeddable":true,"href":"https:\/\/tvtecjundiai.com.br\/news\/wp-json\/wp\/v2\/comments?post=76634"}],"version-history":[{"count":1,"href":"https:\/\/tvtecjundiai.com.br\/news\/wp-json\/wp\/v2\/posts\/76634\/revisions"}],"predecessor-version":[{"id":76637,"href":"https:\/\/tvtecjundiai.com.br\/news\/wp-json\/wp\/v2\/posts\/76634\/revisions\/76637"}],"wp:featuredmedia":[{"embeddable":true,"href":"https:\/\/tvtecjundiai.com.br\/news\/wp-json\/wp\/v2\/media\/76636"}],"wp:attachment":[{"href":"https:\/\/tvtecjundiai.com.br\/news\/wp-json\/wp\/v2\/media?parent=76634"}],"wp:term":[{"taxonomy":"category","embeddable":true,"href":"https:\/\/tvtecjundiai.com.br\/news\/wp-json\/wp\/v2\/categories?post=76634"},{"taxonomy":"post_tag","embeddable":true,"href":"https:\/\/tvtecjundiai.com.br\/news\/wp-json\/wp\/v2\/tags?post=76634"}],"curies":[{"name":"wp","href":"https:\/\/api.w.org\/{rel}","templated":true}]}}