{"id":76638,"date":"2021-05-28T17:04:15","date_gmt":"2021-05-28T20:04:15","guid":{"rendered":"https:\/\/tvtecjundiai.com.br\/news\/?p=76638"},"modified":"2021-05-28T17:04:15","modified_gmt":"2021-05-28T20:04:15","slug":"operacao-estiagem-reuniao-define-acoes-e-cursos-de-formacao-de-brigada","status":"publish","type":"post","link":"https:\/\/tvtecjundiai.com.br\/news\/2021\/05\/28\/operacao-estiagem-reuniao-define-acoes-e-cursos-de-formacao-de-brigada\/","title":{"rendered":"Opera\u00e7\u00e3o Estiagem: reuni\u00e3o define a\u00e7\u00f5es e cursos de forma\u00e7\u00e3o de brigada"},"content":{"rendered":"\n<p>Foi realizada na manh\u00e3 desta sexta-feira (28), na sede da Fazenda Ermida, reuni\u00e3o entre representantes da Defesa Civil, da Unidade de Gest\u00e3o de Planejamento Urbano e Meio Ambiente (UGPUMA), da Guarda Municipal\/Divis\u00e3o Florestal, do Corpo de Bombeiros e da Funda\u00e7\u00e3o Antonio Antonieta Cintra Gordinho (FAACG), integrantes da For\u00e7a Tarefa institu\u00edda para a Opera\u00e7\u00e3o Estiagem no munic\u00edpio de Jundia\u00ed.<\/p>\n\n\n\n<p>Na reuni\u00e3o foram definidos o cronograma da forma\u00e7\u00e3o e a capacita\u00e7\u00e3o de brigadistas dos \u00f3rg\u00e3os municipais e dos demais integrantes interessados da For\u00e7a Tarefa Municipal. O curso ser\u00e1 ministrado pelo Corpo de Bombeiros (19\u00ba GB) com apoio da Guarda Municipal e Defesa Civil, e contar\u00e1 com atividades te\u00f3ricas e pr\u00e1ticas, a serem desenvolvidas na Fazenda Ermida.<\/p>\n\n\n\n<p>Durante a reuni\u00e3o tamb\u00e9m foram definidas as a\u00e7\u00f5es preventivas a inc\u00eandios em vegeta\u00e7\u00e3o, envolvendo a vistoria em propriedades rurais e urbanas com maiores ocorr\u00eancias de inc\u00eandio, visando instru\u00e7\u00e3o e eventuais adequa\u00e7\u00f5es necess\u00e1rias a serem transmitidas ao propriet\u00e1rio do im\u00f3vel. Complementarmente foram encaminhados \u00e0 equipe de marketing da FAACG materiais informativos relacionados \u00e0 Opera\u00e7\u00e3o Estiagem para elabora\u00e7\u00e3o de informativo exclusivo da Opera\u00e7\u00e3o Estiagem municipal.<\/p>\n\n\n\n<p>De acordo com o coordenador da Defesa Civil, Coronel Jo\u00e3o Os\u00f3rio Gimenez, a reuni\u00e3o foi produtiva. \u201cDefinimos a\u00e7\u00f5es espec\u00edficas para as pr\u00f3ximas semanas, inclusive a visita\u00e7\u00e3o \u00e0s propriedades que contam com registros recorrentes de queimadas\/inc\u00eandios nos \u00faltimos anos. Esses propriet\u00e1rios ser\u00e3o orientados com medidas de preven\u00e7\u00e3o que dever\u00e3o ser cumpridas pelos respons\u00e1veis\u201d, comenta.<\/p>\n\n\n\n<figure class=\"wp-block-image size-large\"><img loading=\"lazy\" decoding=\"async\" width=\"864\" height=\"576\" src=\"https:\/\/tvtecjundiai.com.br\/news\/wp-content\/uploads\/sites\/2\/2021\/05\/defesa1.jpg\" alt=\"\" class=\"wp-image-76639\" srcset=\"https:\/\/tvtecjundiai.com.br\/news\/wp-content\/uploads\/sites\/2\/2021\/05\/defesa1.jpg 864w, https:\/\/tvtecjundiai.com.br\/news\/wp-content\/uploads\/sites\/2\/2021\/05\/defesa1-300x200.jpg 300w, https:\/\/tvtecjundiai.com.br\/news\/wp-content\/uploads\/sites\/2\/2021\/05\/defesa1-768x512.jpg 768w\" sizes=\"auto, (max-width: 864px) 100vw, 864px\" \/><figcaption>Reuni\u00e3o realizada na sede da Fazenda Ermida debateu a\u00e7\u00f5es para os \u00f3rg\u00e3os envolvidos no Plano de Conting\u00eancia<\/figcaption><\/figure>\n\n\n\n<p>J\u00e1 o curso de forma\u00e7\u00e3o de brigadista tem como data prevista de in\u00edcio 08 de junho, com dura\u00e7\u00e3o de 3 horas. Os interessados ser\u00e3o indicados pelas organiza\u00e7\u00f5es, \u00f3rg\u00e3os e institui\u00e7\u00f5es participantes da Opera\u00e7\u00e3o Estiagem, definida em Plano Municipal de Conting\u00eancia de Estiagem, a Defesa Civil.<\/p>\n\n\n\n<p><strong>Plano de Conting\u00eancia<br><\/strong>O Plano municipal foi institu\u00eddo pelo decreto municipal n\u00ba 29.635\/2021 e estipula as diretrizes e procedimentos das autoridades envolvidas para minimizar e combater os efeitos das queimadas e da baixa URA. Al\u00e9m de diversas Unidades de Gest\u00e3o da Prefeitura, tamb\u00e9m comp\u00f5em a For\u00e7a Tarefa sob a coordena\u00e7\u00e3o da Defesa Civil para apoio ao Corpo de Bombeiros e \u00e0 Divis\u00e3o Florestal da Guarda Municipal: a DAE, a Funda\u00e7\u00e3o Ant\u00f4nio Antonieta Cintra Gordinho, a Mata Ciliar, o Aeroporto Estadual Comandante Rolim Adolfo Amaro e a Rede Integrada de Emerg\u00eancia (RINEM), de que fazem parte as brigadas de emerg\u00eancia de empresas da cidade.<\/p>\n\n\n\n<p>Participaram da reuni\u00e3o, representando a Defesa Civil, o coordenador Coronel Jo\u00e3o Os\u00f3rio Gimenez e equipe; a Unidade de Gest\u00e3o de Planejamento e Meio Ambiente (UGPUMA), representada pelo diretor de Meio Ambiente Wagner de Paiva; a Guarda Municipal\/Divis\u00e3o Florestal, representada pelo inspetor Luiz Carlos de Lacerda Petrachim; o Corpo de Bombeiros pelo Tenente Fl\u00e1vio Medrado e pela FAACG participaram Juliana Rossi e Luciana Oliveira, Alex Pereira Pinto e Sin\u00e9sio da Silva.<\/p>\n\n\n\n<p><em>(Texto\/Imagens: Prefeitura de Jundia\u00ed)<\/em><\/p>\n","protected":false},"excerpt":{"rendered":"<p>Durante a reuni\u00e3o tamb\u00e9m foram definidas as a\u00e7\u00f5es preventivas a inc\u00eandios em vegeta\u00e7\u00e3o<\/p>\n","protected":false},"author":28,"featured_media":76639,"comment_status":"closed","ping_status":"closed","sticky":false,"template":"","format":"standard","meta":{"footnotes":""},"categories":[8356,1],"tags":[],"class_list":["post-76638","post","type-post","status-publish","format-standard","has-post-thumbnail","hentry","category-jundiai","category-noticias"],"_links":{"self":[{"href":"https:\/\/tvtecjundiai.com.br\/news\/wp-json\/wp\/v2\/posts\/76638","targetHints":{"allow":["GET"]}}],"collection":[{"href":"https:\/\/tvtecjundiai.com.br\/news\/wp-json\/wp\/v2\/posts"}],"about":[{"href":"https:\/\/tvtecjundiai.com.br\/news\/wp-json\/wp\/v2\/types\/post"}],"author":[{"embeddable":true,"href":"https:\/\/tvtecjundiai.com.br\/news\/wp-json\/wp\/v2\/users\/28"}],"replies":[{"embeddable":true,"href":"https:\/\/tvtecjundiai.com.br\/news\/wp-json\/wp\/v2\/comments?post=76638"}],"version-history":[{"count":1,"href":"https:\/\/tvtecjundiai.com.br\/news\/wp-json\/wp\/v2\/posts\/76638\/revisions"}],"predecessor-version":[{"id":76640,"href":"https:\/\/tvtecjundiai.com.br\/news\/wp-json\/wp\/v2\/posts\/76638\/revisions\/76640"}],"wp:featuredmedia":[{"embeddable":true,"href":"https:\/\/tvtecjundiai.com.br\/news\/wp-json\/wp\/v2\/media\/76639"}],"wp:attachment":[{"href":"https:\/\/tvtecjundiai.com.br\/news\/wp-json\/wp\/v2\/media?parent=76638"}],"wp:term":[{"taxonomy":"category","embeddable":true,"href":"https:\/\/tvtecjundiai.com.br\/news\/wp-json\/wp\/v2\/categories?post=76638"},{"taxonomy":"post_tag","embeddable":true,"href":"https:\/\/tvtecjundiai.com.br\/news\/wp-json\/wp\/v2\/tags?post=76638"}],"curies":[{"name":"wp","href":"https:\/\/api.w.org\/{rel}","templated":true}]}}