{"id":76641,"date":"2021-05-28T17:07:27","date_gmt":"2021-05-28T20:07:27","guid":{"rendered":"https:\/\/tvtecjundiai.com.br\/news\/?p=76641"},"modified":"2021-05-28T17:07:27","modified_gmt":"2021-05-28T20:07:27","slug":"obras-na-avenida-navarro-de-andrade-tem-inicio-nesta-segunda-feira-31","status":"publish","type":"post","link":"https:\/\/tvtecjundiai.com.br\/news\/2021\/05\/28\/obras-na-avenida-navarro-de-andrade-tem-inicio-nesta-segunda-feira-31\/","title":{"rendered":"Obras na avenida Navarro de Andrade t\u00eam in\u00edcio nesta segunda-feira (31)"},"content":{"rendered":"\n<p>A partir de segunda-feira (31) ser\u00e3o iniciadas obras na avenida Navarro de Andrade, sob a rodovia Jo\u00e3o Cereser e, por isso, uma das faixas de rolamento da via contar\u00e1 com opera\u00e7\u00e3o no sistema siga e pare.\u00a0<\/p>\n\n\n\n<p>Esse trabalho faz parte das obras de implanta\u00e7\u00e3o de pistas marginais em um trecho de tr\u00eas quil\u00f4metros na Jo\u00e3o Cereser, entre a regi\u00e3o do Parque da Cidade e o entroncamento com a Via Anhanguera, e s\u00e3o de responsabilidade da Concession\u00e1ria Rota das Bandeiras, com apoio da Unidade de Gest\u00e3o de Mobilidade e Transportes.<\/p>\n\n\n\n<figure class=\"wp-block-image size-large\"><img loading=\"lazy\" decoding=\"async\" width=\"1200\" height=\"800\" src=\"https:\/\/tvtecjundiai.com.br\/news\/wp-content\/uploads\/sites\/2\/2021\/05\/ciclovia_interditada-9-1200x800.jpg\" alt=\"\" class=\"wp-image-76642\" srcset=\"https:\/\/tvtecjundiai.com.br\/news\/wp-content\/uploads\/sites\/2\/2021\/05\/ciclovia_interditada-9-1200x800.jpg 1200w, https:\/\/tvtecjundiai.com.br\/news\/wp-content\/uploads\/sites\/2\/2021\/05\/ciclovia_interditada-9-300x200.jpg 300w, https:\/\/tvtecjundiai.com.br\/news\/wp-content\/uploads\/sites\/2\/2021\/05\/ciclovia_interditada-9-768x512.jpg 768w, https:\/\/tvtecjundiai.com.br\/news\/wp-content\/uploads\/sites\/2\/2021\/05\/ciclovia_interditada-9.jpg 1280w\" sizes=\"auto, (max-width: 1200px) 100vw, 1200px\" \/><figcaption>Avenida Navarro de Andrade, ao lado da ciclovia, recebe interven\u00e7\u00e3o sob a rodovia Jo\u00e3o Cereser na segunda (31)<\/figcaption><\/figure>\n\n\n\n<p>A interven\u00e7\u00e3o na via continua na ter\u00e7a-feira (1\u00ba) e \u00e9 realizada por equipe operacional da concession\u00e1ria, sem preju\u00edzo aos usu\u00e1rios rotineiros da via. Agentes de Tr\u00e2nsito da Prefeitura de Jundia\u00ed estar\u00e3o no local.<\/p>\n\n\n\n<p><em>(Texto\/Imagem: Prefeitura de Jundia\u00ed)<\/em><\/p>\n","protected":false},"excerpt":{"rendered":"<p>Por isso, uma das faixas de rolamento da via contar\u00e1 com opera\u00e7\u00e3o no sistema siga e pare<\/p>\n","protected":false},"author":28,"featured_media":76642,"comment_status":"closed","ping_status":"closed","sticky":false,"template":"","format":"standard","meta":{"footnotes":""},"categories":[8356,1],"tags":[],"class_list":["post-76641","post","type-post","status-publish","format-standard","has-post-thumbnail","hentry","category-jundiai","category-noticias"],"_links":{"self":[{"href":"https:\/\/tvtecjundiai.com.br\/news\/wp-json\/wp\/v2\/posts\/76641","targetHints":{"allow":["GET"]}}],"collection":[{"href":"https:\/\/tvtecjundiai.com.br\/news\/wp-json\/wp\/v2\/posts"}],"about":[{"href":"https:\/\/tvtecjundiai.com.br\/news\/wp-json\/wp\/v2\/types\/post"}],"author":[{"embeddable":true,"href":"https:\/\/tvtecjundiai.com.br\/news\/wp-json\/wp\/v2\/users\/28"}],"replies":[{"embeddable":true,"href":"https:\/\/tvtecjundiai.com.br\/news\/wp-json\/wp\/v2\/comments?post=76641"}],"version-history":[{"count":1,"href":"https:\/\/tvtecjundiai.com.br\/news\/wp-json\/wp\/v2\/posts\/76641\/revisions"}],"predecessor-version":[{"id":76643,"href":"https:\/\/tvtecjundiai.com.br\/news\/wp-json\/wp\/v2\/posts\/76641\/revisions\/76643"}],"wp:featuredmedia":[{"embeddable":true,"href":"https:\/\/tvtecjundiai.com.br\/news\/wp-json\/wp\/v2\/media\/76642"}],"wp:attachment":[{"href":"https:\/\/tvtecjundiai.com.br\/news\/wp-json\/wp\/v2\/media?parent=76641"}],"wp:term":[{"taxonomy":"category","embeddable":true,"href":"https:\/\/tvtecjundiai.com.br\/news\/wp-json\/wp\/v2\/categories?post=76641"},{"taxonomy":"post_tag","embeddable":true,"href":"https:\/\/tvtecjundiai.com.br\/news\/wp-json\/wp\/v2\/tags?post=76641"}],"curies":[{"name":"wp","href":"https:\/\/api.w.org\/{rel}","templated":true}]}}