{"id":76648,"date":"2021-05-28T17:17:44","date_gmt":"2021-05-28T20:17:44","guid":{"rendered":"https:\/\/tvtecjundiai.com.br\/news\/?p=76648"},"modified":"2021-05-31T10:26:46","modified_gmt":"2021-05-31T13:26:46","slug":"sistema-de-inteligencia-da-gm-e-fiscalizacao-integrada-combatem-pancadoes-e-aglomeracoes-1","status":"publish","type":"post","link":"https:\/\/tvtecjundiai.com.br\/news\/2021\/05\/28\/sistema-de-inteligencia-da-gm-e-fiscalizacao-integrada-combatem-pancadoes-e-aglomeracoes-1\/","title":{"rendered":"Fiscaliza\u00e7\u00e3o integrada combate pancad\u00f5es e aglomera\u00e7\u00f5es em Jundia\u00ed"},"content":{"rendered":"\n<p>Com os n\u00fameros de atendimentos de s\u00edndrome gripal em crescimento, os riscos de novo avan\u00e7o da pandemia do Novo Coronav\u00edrus se acentuam e exigem a\u00e7\u00f5es para intensifica\u00e7\u00e3o no cumprimento das regras sanit\u00e1rias entre a popula\u00e7\u00e3o. A Prefeitura de Jundia\u00ed, a partir do sistema de intelig\u00eancia da Guarda Municipal e uni\u00e3o multiplataformas, integradas por diversos \u00f3rg\u00e3os de fiscaliza\u00e7\u00e3o, tem desenvolvido um trabalho de combate aos \u201cpancad\u00f5es\u201d e \u00e0s aglomera\u00e7\u00f5es e eventos clandestinos ao longo de toda a pandemia.<\/p>\n\n\n\n<figure class=\"wp-block-image size-large\"><img loading=\"lazy\" decoding=\"async\" width=\"1200\" height=\"800\" src=\"https:\/\/tvtecjundiai.com.br\/news\/wp-content\/uploads\/sites\/2\/2021\/05\/psa_2660-1200x800.jpg\" alt=\"\" class=\"wp-image-76649\" srcset=\"https:\/\/tvtecjundiai.com.br\/news\/wp-content\/uploads\/sites\/2\/2021\/05\/psa_2660-1200x800.jpg 1200w, https:\/\/tvtecjundiai.com.br\/news\/wp-content\/uploads\/sites\/2\/2021\/05\/psa_2660-300x200.jpg 300w, https:\/\/tvtecjundiai.com.br\/news\/wp-content\/uploads\/sites\/2\/2021\/05\/psa_2660-768x512.jpg 768w, https:\/\/tvtecjundiai.com.br\/news\/wp-content\/uploads\/sites\/2\/2021\/05\/psa_2660.jpg 1280w\" sizes=\"auto, (max-width: 1200px) 100vw, 1200px\" \/><figcaption>Guarda Municipal, com estrutura e profissionais preparadas, \u00e9 um dos \u00f3rg\u00e3os que faz o combate \u00e0s aglomera\u00e7\u00f5es em Jundia\u00ed<\/figcaption><\/figure>\n\n\n\n<p>Com o recrudescimento da doen\u00e7a e a amplia\u00e7\u00e3o de eventos clandestinos, as equipes t\u00eam feito a\u00e7\u00f5es de notifica\u00e7\u00e3o, inclusive fora do expediente de final de semana \u2013 per\u00edodo de maior ocorr\u00eancia de tentativas de desrespeito \u00e0s normas. \u201cO trabalho de intelig\u00eancia envolve fiscaliza\u00e7\u00e3o integrada, que identifica os locais onde haver\u00e1 o suposto evento e, conforme as normas, realiza a orienta\u00e7\u00e3o ao propriet\u00e1rio do espa\u00e7o sobre a n\u00e3o permiss\u00e3o da atividade, conforme regramento do Plano S\u00e3o S\u00e3o Paulo de Retomada Econ\u00f4mica. Em caso de reincid\u00eancia, o respons\u00e1vel ser\u00e1 penalizado conforme determina a lei. O pa\u00eds vive a imin\u00eancia de uma terceira onda da COVID-19 e, em Jundia\u00ed, para evitar que haja retrocesso \u00e9 necess\u00e1rio que todos fa\u00e7am a sua parte, afinal&nbsp; a responsabilidade \u00e9 coletiva\u201d, ressalta o gestor de Governo e Finan\u00e7as (UGGF), Jos\u00e9 Antonio Parimoschi.<\/p>\n\n\n\n<p>A fiscaliza\u00e7\u00e3o integrada envolve, todos os dias da semana, Guarda Municipal, Divis\u00e3o de Fiscaliza\u00e7\u00e3o do Com\u00e9rcio, Vigil\u00e2ncia Sanit\u00e1ria e Procon. Segundo a gestora de Seguran\u00e7a Municipal, coronel Carla Basson, al\u00e9m do atendimento de emerg\u00eancia por meio do 153 e do APP Jundia\u00ed, a Guarda possui um planejamento de trabalho no caso de festas clandestinas ou mesmo os poss\u00edveis \u201cpancad\u00f5es\u201d (eventos ao ar livre com m\u00fasica alta e aglomera\u00e7\u00e3o). \u201cTrabalhamos de forma a ter uma equipe pronta para agir em caso de algum local com grande concentra\u00e7\u00e3o de pessoas\u201d, explica. \u201cA cada interven\u00e7\u00e3o, dialogamos, damos orienta\u00e7\u00f5es \u00e0s pessoas.\u201d<\/p>\n\n\n\n<p>Do dia 21 at\u00e9 esta quinta-feira (27), a Guarda atendeu dez casos de aglomera\u00e7\u00e3o \u2013 sendo seis deles apenas no domingo (23). Desde o in\u00edcio de maio, foram 53 casos atendidos na cidade, nos mais diferentes bairros, como Centro, Anhangaba\u00fa, Almerinda Chaves, Cecap, Vila Arens, Col\u00f4nia, entre outros. No Jardim S\u00e3o Camilo, a Guarda tem feito opera\u00e7\u00f5es contra \u201cpancad\u00f5es\u201d todos os fins de semana, em parceria com a Pol\u00edcia Militar.<\/p>\n\n\n\n<p><strong>Fiscaliza\u00e7\u00e3o do Com\u00e9rcio<\/strong><br>Segundo dados da Divis\u00e3o de Fiscaliza\u00e7\u00e3o do Com\u00e9rcio, do dia 21 at\u00e9 esta quinta-feira (27) foram feitas 18 notifica\u00e7\u00f5es, 14 averigua\u00e7\u00f5es e dois autos de infra\u00e7\u00e3o em diferentes com\u00e9rcios da cidade. \u201cN\u00f3s n\u00e3o paramos nosso trabalho e estamos indo aos com\u00e9rcios com o intuito de averiguar se as permiss\u00f5es relacionadas aos alvar\u00e1s e aos decretos municipais deste per\u00edodo de pandemia est\u00e3o sendo cumpridas\u201d, explica a chefe da Divis\u00e3o de Fiscaliza\u00e7\u00e3o do Com\u00e9rcio e do Ambulante, Cristina da Fonseca. \u201cO Com\u00e9rcio de rua, em maior parte, tem respeitado. O problema tem sido alguns com\u00e9rcios, como bares, que funcionam \u00e0 noite, onde foram observadas irregularidades, como n\u00e3o uso de m\u00e1scara e aglomera\u00e7\u00f5es.\u201d<\/p>\n\n\n\n<p><em>(Texto\/Imagem: Prefeitura de Jundia\u00ed)<\/em><\/p>\n","protected":false},"excerpt":{"rendered":"<p>A fiscaliza\u00e7\u00e3o integrada envolve Guarda Municipal, Divis\u00e3o de Fiscaliza\u00e7\u00e3o do Com\u00e9rcio, Vigil\u00e2ncia Sanit\u00e1ria e Procon<\/p>\n","protected":false},"author":28,"featured_media":76649,"comment_status":"closed","ping_status":"closed","sticky":false,"template":"","format":"standard","meta":{"footnotes":""},"categories":[8356,1],"tags":[],"class_list":["post-76648","post","type-post","status-publish","format-standard","has-post-thumbnail","hentry","category-jundiai","category-noticias"],"_links":{"self":[{"href":"https:\/\/tvtecjundiai.com.br\/news\/wp-json\/wp\/v2\/posts\/76648","targetHints":{"allow":["GET"]}}],"collection":[{"href":"https:\/\/tvtecjundiai.com.br\/news\/wp-json\/wp\/v2\/posts"}],"about":[{"href":"https:\/\/tvtecjundiai.com.br\/news\/wp-json\/wp\/v2\/types\/post"}],"author":[{"embeddable":true,"href":"https:\/\/tvtecjundiai.com.br\/news\/wp-json\/wp\/v2\/users\/28"}],"replies":[{"embeddable":true,"href":"https:\/\/tvtecjundiai.com.br\/news\/wp-json\/wp\/v2\/comments?post=76648"}],"version-history":[{"count":2,"href":"https:\/\/tvtecjundiai.com.br\/news\/wp-json\/wp\/v2\/posts\/76648\/revisions"}],"predecessor-version":[{"id":76708,"href":"https:\/\/tvtecjundiai.com.br\/news\/wp-json\/wp\/v2\/posts\/76648\/revisions\/76708"}],"wp:featuredmedia":[{"embeddable":true,"href":"https:\/\/tvtecjundiai.com.br\/news\/wp-json\/wp\/v2\/media\/76649"}],"wp:attachment":[{"href":"https:\/\/tvtecjundiai.com.br\/news\/wp-json\/wp\/v2\/media?parent=76648"}],"wp:term":[{"taxonomy":"category","embeddable":true,"href":"https:\/\/tvtecjundiai.com.br\/news\/wp-json\/wp\/v2\/categories?post=76648"},{"taxonomy":"post_tag","embeddable":true,"href":"https:\/\/tvtecjundiai.com.br\/news\/wp-json\/wp\/v2\/tags?post=76648"}],"curies":[{"name":"wp","href":"https:\/\/api.w.org\/{rel}","templated":true}]}}