{"id":76659,"date":"2021-05-29T09:35:04","date_gmt":"2021-05-29T12:35:04","guid":{"rendered":"https:\/\/tvtecjundiai.com.br\/news\/?p=76659"},"modified":"2021-05-29T09:35:04","modified_gmt":"2021-05-29T12:35:04","slug":"jundiai-abrira-novo-agendamento-para-vacinacao-contra-gripe-de-idosos-com-60-anos-ou-mais","status":"publish","type":"post","link":"https:\/\/tvtecjundiai.com.br\/news\/2021\/05\/29\/jundiai-abrira-novo-agendamento-para-vacinacao-contra-gripe-de-idosos-com-60-anos-ou-mais\/","title":{"rendered":"Jundia\u00ed abrir\u00e1 novo agendamento para vacina\u00e7\u00e3o contra gripe de idosos com 60 anos ou mais"},"content":{"rendered":"\n<p>A Prefeitura de Jundia\u00ed abrir\u00e1 novo agendamento (site e APP Jundia\u00ed) para a vacina\u00e7\u00e3o contra a Influenza (Gripe) nesta segunda-feira (31), \u00e0s 16h, destinado aos idosos com 60 anos ou mais, para atendimento em sistema drive-thru, no Parque Comendador Antonio Carbonari, o Parque da Uva. Entre os demais p\u00fablicos autorizados para a aplica\u00e7\u00e3o da dose pela Campanha Nacional de Vacina\u00e7\u00e3o contra a Influenza, a oferta da dose acontece diretamente na Unidade B\u00e1sica de Sa\u00fade (UBS) de refer\u00eancia.<\/p>\n\n\n\n<p>De acordo com levantamento da Vigil\u00e2ncia Epidemiol\u00f3gica (VE) da Unidade de Gest\u00e3o de Promo\u00e7\u00e3o da Sa\u00fade (UGPS), at\u00e9 a sexta-feira (28) vacina\u00e7\u00e3o contra a Influenza (gripe): para os Trabalhadores de Sa\u00fade o p\u00fablico estimado \u00e9 de 11.430, sendo que 7.306 doses aplicadas; no grupo de crian\u00e7as o p\u00fablico \u00e9 de 29.472, sendo 15.935 doses aplicadas; gestantes o p\u00fablico \u00e9 de 4.680 e foram aplicadas 1.853 doses; pu\u00e9rperas o p\u00fablico \u00e9 de 757 e foram ministradas 364 doses; trabalhadores educa\u00e7\u00e3o s\u00e3o 5.310 pessoas e foram aplicadas 1.293 doses. O p\u00fablico de idosos \u00e9 de 74.289 e foram aplicadas 22.638 doses.<\/p>\n\n\n\n<p>Quem faz parte do grupo deve estar atento com rela\u00e7\u00e3o ao intervalo necess\u00e1rio de, ao menos, 14 dias, entre uma vacina e outra. \u201cAs pessoas que est\u00e3o no prazo para a recep\u00e7\u00e3o da segunda dose contra a COVID-19 ou que tenham recebido a primeira dose com prazo menor de 14 dias, devem aguardar o per\u00edodo necess\u00e1rio antes de buscar pelo atendimento contra a influenza. Mas, quem est\u00e1 com as duas doses tomadas ou que j\u00e1 tenha passado o per\u00edodo de intervalo necess\u00e1rio, deve buscar a vacina\u00e7\u00e3o contra a gripe o quanto antes, pois as temperaturas est\u00e3o em baixa e o risco de doen\u00e7as respirat\u00f3rias aumenta, principalmente entre os idosos e as crian\u00e7as\u201d, explica a enfermeira coordenadora da VE, Maria do Carmo Possidente.<\/p>\n\n\n\n<div class=\"wp-block-image\"><figure class=\"aligncenter size-large\"><img loading=\"lazy\" decoding=\"async\" width=\"1200\" height=\"800\" src=\"https:\/\/tvtecjundiai.com.br\/news\/wp-content\/uploads\/sites\/2\/2021\/05\/vacinacao_influenza_parque-da-uva-70-1200x800.jpg\" alt=\"\" class=\"wp-image-76660\" srcset=\"https:\/\/tvtecjundiai.com.br\/news\/wp-content\/uploads\/sites\/2\/2021\/05\/vacinacao_influenza_parque-da-uva-70-1200x800.jpg 1200w, https:\/\/tvtecjundiai.com.br\/news\/wp-content\/uploads\/sites\/2\/2021\/05\/vacinacao_influenza_parque-da-uva-70-300x200.jpg 300w, https:\/\/tvtecjundiai.com.br\/news\/wp-content\/uploads\/sites\/2\/2021\/05\/vacinacao_influenza_parque-da-uva-70-768x512.jpg 768w, https:\/\/tvtecjundiai.com.br\/news\/wp-content\/uploads\/sites\/2\/2021\/05\/vacinacao_influenza_parque-da-uva-70.jpg 1280w\" sizes=\"auto, (max-width: 1200px) 100vw, 1200px\" \/><figcaption>Vacina\u00e7\u00e3o contra gripe ter\u00e1 agendamento para oferta em sistema drive-thru<\/figcaption><\/figure><\/div>\n\n\n\n<p><strong>P\u00fablicos<br>Influenza&nbsp;(Gripe): Crian\u00e7as entre 6 meses e menores de 6 anos<\/strong><br>Demanda Livre nas UBS (exceto Nova UBS Jardim do Lago, antiga UBS Jardim do Lago, UBS Marlene\/Hortol\u00e2ndia, Cl\u00ednica da Fam\u00edlia Novo Horizonte)<br>Aplica\u00e7\u00e3o: de segunda a sexta-feira, em hor\u00e1rio de funcionamento do equipamento.<br>Levar: documento com foto e comprovante de resid\u00eancia<\/p>\n\n\n\n<p><strong>Influenza&nbsp;(Gripe): Gestantes e Pu\u00e9rperas (at\u00e9 45 dias ap\u00f3s o parto)<br><\/strong>Demanda Livre nas UBS (exceto Nova UBS Jardim do Lago, antiga UBS Jardim do Lago, UBS Marlene\/Hortol\u00e2ndia, Cl\u00ednica da Fam\u00edlia Novo Horizonte)<br>Aplica\u00e7\u00e3o: de segunda a sexta-feira, em hor\u00e1rio de funcionamento do equipamento.<br>* Gestantes e pu\u00e9rperas com comorbidades devem priorizar a vacina contra COVID-19.<br>Levar: documento com foto, comprovante de resid\u00eancia, comprova\u00e7\u00e3o do estado gestacional (gestantes) ou certid\u00e3o de nascimento da crian\u00e7a (pu\u00e9rperas)<\/p>\n\n\n\n<p><strong>Influenza\u00a0(Gripe): Professores e profissionais de Sa\u00fade<\/strong><br>Demanda Livre nas UBS (exceto Nova UBS Jardim do Lago, antiga UBS Jardim do Lago, UBS Marlene\/Hortol\u00e2ndia, Cl\u00ednica da Fam\u00edlia Novo Horizonte)<br>Aplica\u00e7\u00e3o: de segunda a sexta-feira, em hor\u00e1rio de funcionamento do equipamento.<br>Levar: comprovante de profiss\u00e3o, documento com foto, CPF e comprovante de resid\u00eancia.<\/p>\n\n\n\n<p><em>(Fonte\/Image: Prefeitura de Jundia\u00ed)<\/em><\/p>\n","protected":false},"excerpt":{"rendered":"<p>O agendamento ser\u00e1 liberado na segunda-feira (31), \u00e0s 16h, no APP e site da Prefeitura de Jundia\u00ed<\/p>\n","protected":false},"author":25,"featured_media":76660,"comment_status":"closed","ping_status":"closed","sticky":false,"template":"","format":"standard","meta":{"footnotes":""},"categories":[1,2839],"tags":[],"class_list":["post-76659","post","type-post","status-publish","format-standard","has-post-thumbnail","hentry","category-noticias","category-saude"],"_links":{"self":[{"href":"https:\/\/tvtecjundiai.com.br\/news\/wp-json\/wp\/v2\/posts\/76659","targetHints":{"allow":["GET"]}}],"collection":[{"href":"https:\/\/tvtecjundiai.com.br\/news\/wp-json\/wp\/v2\/posts"}],"about":[{"href":"https:\/\/tvtecjundiai.com.br\/news\/wp-json\/wp\/v2\/types\/post"}],"author":[{"embeddable":true,"href":"https:\/\/tvtecjundiai.com.br\/news\/wp-json\/wp\/v2\/users\/25"}],"replies":[{"embeddable":true,"href":"https:\/\/tvtecjundiai.com.br\/news\/wp-json\/wp\/v2\/comments?post=76659"}],"version-history":[{"count":1,"href":"https:\/\/tvtecjundiai.com.br\/news\/wp-json\/wp\/v2\/posts\/76659\/revisions"}],"predecessor-version":[{"id":76661,"href":"https:\/\/tvtecjundiai.com.br\/news\/wp-json\/wp\/v2\/posts\/76659\/revisions\/76661"}],"wp:featuredmedia":[{"embeddable":true,"href":"https:\/\/tvtecjundiai.com.br\/news\/wp-json\/wp\/v2\/media\/76660"}],"wp:attachment":[{"href":"https:\/\/tvtecjundiai.com.br\/news\/wp-json\/wp\/v2\/media?parent=76659"}],"wp:term":[{"taxonomy":"category","embeddable":true,"href":"https:\/\/tvtecjundiai.com.br\/news\/wp-json\/wp\/v2\/categories?post=76659"},{"taxonomy":"post_tag","embeddable":true,"href":"https:\/\/tvtecjundiai.com.br\/news\/wp-json\/wp\/v2\/tags?post=76659"}],"curies":[{"name":"wp","href":"https:\/\/api.w.org\/{rel}","templated":true}]}}