{"id":76666,"date":"2021-05-29T11:13:59","date_gmt":"2021-05-29T14:13:59","guid":{"rendered":"https:\/\/tvtecjundiai.com.br\/news\/?p=76666"},"modified":"2021-05-29T11:13:59","modified_gmt":"2021-05-29T14:13:59","slug":"escola-inovadora-parceria-entre-professora-e-familia-resulta-em-melhora-na-aprendizagem-de-aluno","status":"publish","type":"post","link":"https:\/\/tvtecjundiai.com.br\/news\/2021\/05\/29\/escola-inovadora-parceria-entre-professora-e-familia-resulta-em-melhora-na-aprendizagem-de-aluno\/","title":{"rendered":"Escola Inovadora: parceria entre professora e fam\u00edlia resulta em melhora na aprendizagem de aluno"},"content":{"rendered":"\n<p>Estimulada pelo programa Escola Inovadora, o trabalho realizado em parceria entre professora e fam\u00edlia surtiu grande resultado na aprendizagem do aluno da EMEB Professor Geraldo Pinto Duarte Paes, Pedro Ari Santos, de 7 anos. Aluno do 2\u00ba ano, da professora Geisla Camila de Abreu Lima, o estudante iniciou o ano letivo com dificuldades de aprendizagem e, apenas tr\u00eas meses depois, j\u00e1 consegue ler e escrever.&nbsp;<\/p>\n\n\n\n<p>O acompanhamento de perto realizado pelo pai e pela professora foram essenciais para a conquista dessa evolu\u00e7\u00e3o. Ao ajudar Pedro durante as aulas, o pai Vin\u00edcius Armando Santos percebeu que o menino apresentava dificuldades para compreender os conte\u00fados. \u201cO Pedro apresentou dificuldades nas aulas em sistema remoto e tinha vergonha de questionar. Conversei com a professora Geisla que nos auxiliou. Ela demonstrou muita aten\u00e7\u00e3o, paci\u00eancia e profissionalismo. S\u00f3 tenho que agradecer e elogiar, pois agora as aulas s\u00e3o prazerosas para o meu filho, ele inclusive espera para vivenciar esse momento. Juntos, fam\u00edlia e escola, conseguimos fazer com que o Pedro evolu\u00edsse em pouco tempo\u201d, afirma com orgulho o pai.\u00a0<\/p>\n\n\n\n<div class=\"wp-block-image\"><figure class=\"aligncenter size-large\"><img loading=\"lazy\" decoding=\"async\" width=\"1200\" height=\"800\" src=\"https:\/\/tvtecjundiai.com.br\/news\/wp-content\/uploads\/sites\/2\/2021\/05\/ensino-remoto_emeb-geraldo-paes-64-1200x800.jpg\" alt=\"\" class=\"wp-image-76667\" srcset=\"https:\/\/tvtecjundiai.com.br\/news\/wp-content\/uploads\/sites\/2\/2021\/05\/ensino-remoto_emeb-geraldo-paes-64-1200x800.jpg 1200w, https:\/\/tvtecjundiai.com.br\/news\/wp-content\/uploads\/sites\/2\/2021\/05\/ensino-remoto_emeb-geraldo-paes-64-300x200.jpg 300w, https:\/\/tvtecjundiai.com.br\/news\/wp-content\/uploads\/sites\/2\/2021\/05\/ensino-remoto_emeb-geraldo-paes-64-768x512.jpg 768w, https:\/\/tvtecjundiai.com.br\/news\/wp-content\/uploads\/sites\/2\/2021\/05\/ensino-remoto_emeb-geraldo-paes-64.jpg 1280w\" sizes=\"auto, (max-width: 1200px) 100vw, 1200px\" \/><figcaption>O pai Vin\u00edcius ajuda o filho Pedro durante as aulas em sistema remoto<\/figcaption><\/figure><\/div>\n\n\n\n<p>A evolu\u00e7\u00e3o n\u00e3o foi percept\u00edvel apenas para a fam\u00edlia, a professora Geisla Camila de Abreu Lima comenta que nesta semana recebeu o resultado do teste realizado com o aluno e o resultado \u00e9 para ser comemorado. \u201cPedro j\u00e1 est\u00e1 alfabetico. A evolu\u00e7\u00e3o dele se deu em apenas tr\u00eas meses. Essa conquista s\u00f3 foi poss\u00edvel porque houve uma grande uni\u00e3o entre a escola e a dedica\u00e7\u00e3o do aluno e do apoio dos pais\u201d, comenta Geisla, que ao assumir a turma deste ano percebeu que alguns alunos apresentavam dificuldades de aprendizagem e para aprimorar a aten\u00e7\u00e3o a esse grupo, organizou, em conjunto com a escola, um plano de a\u00e7\u00e3o on-line, dividindo a turma em grupos mais reduzidos para oferecer mais aten\u00e7\u00e3o aos alunos.&nbsp;<\/p>\n\n\n\n<p>O compromisso com a educa\u00e7\u00e3o de boa qualidade \u00e9 premissa da Escola Inovadora em Jundia\u00ed. \u201cA rela\u00e7\u00e3o fam\u00edlia-escola \u00e9 primordial para o desenvolvimento dos alunos. Temos orgulho dos nossos educadores, que sempre inovam e rompem barreiras para fazer com que a educa\u00e7\u00e3o chegue a todas as nossas crian\u00e7as\u201d, afirma o prefeito Luiz Fernando Machado.\u00a0<\/p>\n\n\n\n<div class=\"wp-block-image\"><figure class=\"aligncenter size-large\"><img loading=\"lazy\" decoding=\"async\" width=\"1200\" height=\"800\" src=\"https:\/\/tvtecjundiai.com.br\/news\/wp-content\/uploads\/sites\/2\/2021\/05\/ensino-remoto_emeb-geraldo-paes-11-1200x800.jpg\" alt=\"\" class=\"wp-image-76668\" srcset=\"https:\/\/tvtecjundiai.com.br\/news\/wp-content\/uploads\/sites\/2\/2021\/05\/ensino-remoto_emeb-geraldo-paes-11-1200x800.jpg 1200w, https:\/\/tvtecjundiai.com.br\/news\/wp-content\/uploads\/sites\/2\/2021\/05\/ensino-remoto_emeb-geraldo-paes-11-300x200.jpg 300w, https:\/\/tvtecjundiai.com.br\/news\/wp-content\/uploads\/sites\/2\/2021\/05\/ensino-remoto_emeb-geraldo-paes-11-768x512.jpg 768w, https:\/\/tvtecjundiai.com.br\/news\/wp-content\/uploads\/sites\/2\/2021\/05\/ensino-remoto_emeb-geraldo-paes-11.jpg 1280w\" sizes=\"auto, (max-width: 1200px) 100vw, 1200px\" \/><figcaption>Professora Geisla comemora que o aluno Pedro evoluiu na aprendizagem<\/figcaption><\/figure><\/div>\n\n\n\n<p>S\u00e3o muitos os desafios encontrados pelos professores e fam\u00edlias durante as aulas do ensino remoto. Para oferecer aprimoramento aos educadores, a UGE promove palestras e disponibiliza um vasto acervo de materiais. \u201cA educa\u00e7\u00e3o de boa qualidade passa pela forma\u00e7\u00e3o dos nossos profissionais de educa\u00e7\u00e3o que, al\u00e9m de ajudarem os nossos meninos e meninas, tamb\u00e9m conseguem oferecer grande apoio \u00e0s fam\u00edlias para que, juntos, possam garantir a aprendizagem dos alunos\u201d, lembra a gestora de Educa\u00e7\u00e3o, Vast\u00ed Ferrari Marques.\u00a0<\/p>\n\n\n\n<p><em>(Fonte\/Imagem: Prefeitura de Jundia\u00ed)<\/em><\/p>\n","protected":false},"excerpt":{"rendered":"<p>O compromisso com a educa\u00e7\u00e3o de boa qualidade \u00e9 premissa da Escola Inovadora em Jundia\u00ed<\/p>\n","protected":false},"author":25,"featured_media":76668,"comment_status":"closed","ping_status":"closed","sticky":false,"template":"","format":"standard","meta":{"footnotes":""},"categories":[2828,1],"tags":[],"class_list":["post-76666","post","type-post","status-publish","format-standard","has-post-thumbnail","hentry","category-educacao","category-noticias"],"_links":{"self":[{"href":"https:\/\/tvtecjundiai.com.br\/news\/wp-json\/wp\/v2\/posts\/76666","targetHints":{"allow":["GET"]}}],"collection":[{"href":"https:\/\/tvtecjundiai.com.br\/news\/wp-json\/wp\/v2\/posts"}],"about":[{"href":"https:\/\/tvtecjundiai.com.br\/news\/wp-json\/wp\/v2\/types\/post"}],"author":[{"embeddable":true,"href":"https:\/\/tvtecjundiai.com.br\/news\/wp-json\/wp\/v2\/users\/25"}],"replies":[{"embeddable":true,"href":"https:\/\/tvtecjundiai.com.br\/news\/wp-json\/wp\/v2\/comments?post=76666"}],"version-history":[{"count":1,"href":"https:\/\/tvtecjundiai.com.br\/news\/wp-json\/wp\/v2\/posts\/76666\/revisions"}],"predecessor-version":[{"id":76669,"href":"https:\/\/tvtecjundiai.com.br\/news\/wp-json\/wp\/v2\/posts\/76666\/revisions\/76669"}],"wp:featuredmedia":[{"embeddable":true,"href":"https:\/\/tvtecjundiai.com.br\/news\/wp-json\/wp\/v2\/media\/76668"}],"wp:attachment":[{"href":"https:\/\/tvtecjundiai.com.br\/news\/wp-json\/wp\/v2\/media?parent=76666"}],"wp:term":[{"taxonomy":"category","embeddable":true,"href":"https:\/\/tvtecjundiai.com.br\/news\/wp-json\/wp\/v2\/categories?post=76666"},{"taxonomy":"post_tag","embeddable":true,"href":"https:\/\/tvtecjundiai.com.br\/news\/wp-json\/wp\/v2\/tags?post=76666"}],"curies":[{"name":"wp","href":"https:\/\/api.w.org\/{rel}","templated":true}]}}