{"id":76677,"date":"2021-05-29T16:26:23","date_gmt":"2021-05-29T19:26:23","guid":{"rendered":"https:\/\/tvtecjundiai.com.br\/news\/?p=76677"},"modified":"2021-05-29T16:26:23","modified_gmt":"2021-05-29T19:26:23","slug":"jundiai-ultrapassa-as-1-200-mortes-por-covid-19-neste-sabado-29","status":"publish","type":"post","link":"https:\/\/tvtecjundiai.com.br\/news\/2021\/05\/29\/jundiai-ultrapassa-as-1-200-mortes-por-covid-19-neste-sabado-29\/","title":{"rendered":"Jundia\u00ed ultrapassa as 1.200 mortes por COVID-19 neste s\u00e1bado (29)"},"content":{"rendered":"\n<p>&nbsp;Prefeitura de Jundia\u00ed informa que, neste s\u00e1bado (29), cinco \u00f3bitos foram contabilizados de residentes na cidade causados pelo Novo Coronav\u00edrus.<\/p>\n\n\n\n<p>Homem, 61 anos, portador de doen\u00e7a cardiovascular cr\u00f4nica. Internou 18\/05 e faleceu 28\/05 no Hospital S\u00e3o Vicente.<\/p>\n\n\n\n<p>Homem, 43 anos, portador de doen\u00e7a cardiovascular cr\u00f4nica e diabetes. Internou 18\/05 e faleceu 28\/05 no Hospital S\u00e3o Vicente.<\/p>\n\n\n\n<p>Homem, 66 anos, portador de doen\u00e7a cardiovascular cr\u00f4nica e diabetes. Internou 09\/05 e faleceu 29\/05 no Hospital S\u00e3o Vicente.<\/p>\n\n\n\n<p>Homem, 52 anos, portador de doen\u00e7a cardiovascular e hepatopatia cr\u00f4nicas. Internou 14\/05 e faleceu 28\/05 no Hospital S\u00e3o Vicente.<\/p>\n\n\n\n<p>Homem, 68 anos, portador de neoplasia e hepatopatia cr\u00f4nica. Internou 12\/05 e faleceu 29\/05 no Hospital S\u00e3o Vicente.<\/p>\n\n\n\n<p>At\u00e9 o momento, a cidade registra 1.202 \u00f3bitos causados pela COVID-19 desde o in\u00edcio da pandemia.<\/p>\n\n\n\n<div class=\"wp-block-image\"><figure class=\"aligncenter size-large\"><img loading=\"lazy\" decoding=\"async\" width=\"960\" height=\"960\" src=\"https:\/\/tvtecjundiai.com.br\/news\/wp-content\/uploads\/sites\/2\/2021\/05\/slide1-10-960x960.jpg\" alt=\"\" class=\"wp-image-76678\" srcset=\"https:\/\/tvtecjundiai.com.br\/news\/wp-content\/uploads\/sites\/2\/2021\/05\/slide1-10-960x960.jpg 960w, https:\/\/tvtecjundiai.com.br\/news\/wp-content\/uploads\/sites\/2\/2021\/05\/slide1-10-300x300.jpg 300w, https:\/\/tvtecjundiai.com.br\/news\/wp-content\/uploads\/sites\/2\/2021\/05\/slide1-10-100x100.jpg 100w, https:\/\/tvtecjundiai.com.br\/news\/wp-content\/uploads\/sites\/2\/2021\/05\/slide1-10-768x768.jpg 768w, https:\/\/tvtecjundiai.com.br\/news\/wp-content\/uploads\/sites\/2\/2021\/05\/slide1-10.jpg 1280w\" sizes=\"auto, (max-width: 960px) 100vw, 960px\" \/><\/figure><\/div>\n\n\n\n<div class=\"wp-block-image\"><figure class=\"aligncenter size-large\"><img loading=\"lazy\" decoding=\"async\" width=\"960\" height=\"960\" src=\"https:\/\/tvtecjundiai.com.br\/news\/wp-content\/uploads\/sites\/2\/2021\/05\/slide2-9-960x960.jpg\" alt=\"\" class=\"wp-image-76679\" srcset=\"https:\/\/tvtecjundiai.com.br\/news\/wp-content\/uploads\/sites\/2\/2021\/05\/slide2-9-960x960.jpg 960w, https:\/\/tvtecjundiai.com.br\/news\/wp-content\/uploads\/sites\/2\/2021\/05\/slide2-9-300x300.jpg 300w, https:\/\/tvtecjundiai.com.br\/news\/wp-content\/uploads\/sites\/2\/2021\/05\/slide2-9-100x100.jpg 100w, https:\/\/tvtecjundiai.com.br\/news\/wp-content\/uploads\/sites\/2\/2021\/05\/slide2-9-768x768.jpg 768w, https:\/\/tvtecjundiai.com.br\/news\/wp-content\/uploads\/sites\/2\/2021\/05\/slide2-9.jpg 1280w\" sizes=\"auto, (max-width: 960px) 100vw, 960px\" \/><\/figure><\/div>\n\n\n\n<p><em>(Fonte\/Imagem: Prefeitura de Jundia\u00ed)<\/em><\/p>\n","protected":false},"excerpt":{"rendered":"<p>Munic\u00edpio registrou, tamb\u00e9m, cinco \u00f3bitos e 149 novos casos da doen\u00e7a<\/p>\n","protected":false},"author":25,"featured_media":71977,"comment_status":"closed","ping_status":"closed","sticky":false,"template":"","format":"standard","meta":{"footnotes":""},"categories":[1,2839],"tags":[],"class_list":["post-76677","post","type-post","status-publish","format-standard","has-post-thumbnail","hentry","category-noticias","category-saude"],"_links":{"self":[{"href":"https:\/\/tvtecjundiai.com.br\/news\/wp-json\/wp\/v2\/posts\/76677","targetHints":{"allow":["GET"]}}],"collection":[{"href":"https:\/\/tvtecjundiai.com.br\/news\/wp-json\/wp\/v2\/posts"}],"about":[{"href":"https:\/\/tvtecjundiai.com.br\/news\/wp-json\/wp\/v2\/types\/post"}],"author":[{"embeddable":true,"href":"https:\/\/tvtecjundiai.com.br\/news\/wp-json\/wp\/v2\/users\/25"}],"replies":[{"embeddable":true,"href":"https:\/\/tvtecjundiai.com.br\/news\/wp-json\/wp\/v2\/comments?post=76677"}],"version-history":[{"count":1,"href":"https:\/\/tvtecjundiai.com.br\/news\/wp-json\/wp\/v2\/posts\/76677\/revisions"}],"predecessor-version":[{"id":76680,"href":"https:\/\/tvtecjundiai.com.br\/news\/wp-json\/wp\/v2\/posts\/76677\/revisions\/76680"}],"wp:featuredmedia":[{"embeddable":true,"href":"https:\/\/tvtecjundiai.com.br\/news\/wp-json\/wp\/v2\/media\/71977"}],"wp:attachment":[{"href":"https:\/\/tvtecjundiai.com.br\/news\/wp-json\/wp\/v2\/media?parent=76677"}],"wp:term":[{"taxonomy":"category","embeddable":true,"href":"https:\/\/tvtecjundiai.com.br\/news\/wp-json\/wp\/v2\/categories?post=76677"},{"taxonomy":"post_tag","embeddable":true,"href":"https:\/\/tvtecjundiai.com.br\/news\/wp-json\/wp\/v2\/tags?post=76677"}],"curies":[{"name":"wp","href":"https:\/\/api.w.org\/{rel}","templated":true}]}}