{"id":76681,"date":"2021-05-30T09:50:50","date_gmt":"2021-05-30T12:50:50","guid":{"rendered":"https:\/\/tvtecjundiai.com.br\/news\/?p=76681"},"modified":"2021-05-30T09:51:36","modified_gmt":"2021-05-30T12:51:36","slug":"em-jundiai-pait-retoma-atendimento-em-grupos","status":"publish","type":"post","link":"https:\/\/tvtecjundiai.com.br\/news\/2021\/05\/30\/em-jundiai-pait-retoma-atendimento-em-grupos\/","title":{"rendered":"Em Jundia\u00ed, PAIT retoma atendimento em grupos"},"content":{"rendered":"\n<p>O Programa de Assist\u00eancia Intensiva ao Tabagista (PAIT) da Prefeitura de Jundia\u00ed \u2013 modelo em combate e preven\u00e7\u00e3o ao tabagismo \u2013 est\u00e1 retomando os grupos de tratamento para as pessoas que desejam parar de fumar, seguindo todos os protocolos de seguran\u00e7a quanto ao n\u00famero de participantes e distanciamento entre eles. Devido \u00e0 pandemia de COVID-19, o atendimento estava ocorrendo apenas de forma individualizada. No pr\u00f3ximo dia 31 de maio, segunda-feira, \u00e9 celebrado o Dia Mundial Sem Tabaco.<\/p>\n\n\n\n<p>\u201cDurante a pandemia, os fumantes passaram a fumar mais e alguns ex-fumantes reca\u00edram. \u00c9 importante que essas pessoas busquem ajuda nessa fase, atentando tamb\u00e9m para o fato de que o fumante tem risco maior de ter complica\u00e7\u00f5es pela COVID-19, com o aumento do risco de infec\u00e7\u00e3o\u201d, alerta o coordenador do PAIT, Dr. Carlos Costa.<\/p>\n\n\n\n<div class=\"wp-block-image\"><figure class=\"aligncenter size-large\"><img loading=\"lazy\" decoding=\"async\" width=\"1200\" height=\"800\" src=\"https:\/\/tvtecjundiai.com.br\/news\/wp-content\/uploads\/sites\/2\/2021\/05\/11_anos_pait_ubs_morada_das_vinhas-15-1200x800.jpg\" alt=\"\" class=\"wp-image-76682\" srcset=\"https:\/\/tvtecjundiai.com.br\/news\/wp-content\/uploads\/sites\/2\/2021\/05\/11_anos_pait_ubs_morada_das_vinhas-15-1200x800.jpg 1200w, https:\/\/tvtecjundiai.com.br\/news\/wp-content\/uploads\/sites\/2\/2021\/05\/11_anos_pait_ubs_morada_das_vinhas-15-300x200.jpg 300w, https:\/\/tvtecjundiai.com.br\/news\/wp-content\/uploads\/sites\/2\/2021\/05\/11_anos_pait_ubs_morada_das_vinhas-15-768x512.jpg 768w, https:\/\/tvtecjundiai.com.br\/news\/wp-content\/uploads\/sites\/2\/2021\/05\/11_anos_pait_ubs_morada_das_vinhas-15.jpg 1280w\" sizes=\"auto, (max-width: 1200px) 100vw, 1200px\" \/><figcaption>Atividades em grupo para o apoio ao abandono ao tabaco s\u00e3o oferecidas pelo PAIT<\/figcaption><\/figure><\/div>\n\n\n\n<p>Os encontros ser\u00e3o realizados no N\u00facleo Integrado de Sa\u00fade (NIS), na Avenida Carlos Salles Bloch, 74, Parque do Col\u00e9gio, todas as ter\u00e7as-feiras, \u00e0s 14h.\u202f As Unidades B\u00e1sicas de Sa\u00fade (UBSs) tamb\u00e9m montam grupos para a oferta do programa. Os interessados em participar do atendimento podem buscar pelo servi\u00e7o no NIS, no dia e no hor\u00e1rio indicado, ou devem procurar as Unidades B\u00e1sicas de Sa\u00fade de refer\u00eancia, al\u00e9m de poderem obter outras informa\u00e7\u00f5es pelo telefone (11) 4521-0733.<\/p>\n\n\n\n<p>O PAIT foi lan\u00e7ado em agosto de 2007 e j\u00e1 ajudou cerca de 7 mil pessoas, com 80% de sucesso. Composto por seis encontros semanais, cuja abordagem psicol\u00f3gica \u00e9 a Terapia Cognitiva-Comportamental e Motivacional, o programa oferece acompanhamento, inclusive, medicamentoso \u2013 para aqueles que necessitem -, a partir da terceira sess\u00e3o. Os rem\u00e9dios s\u00e3o oferecidos gratuitamente. Ap\u00f3s o sexto encontro, os pacientes s\u00e3o orientados a frequentar as reuni\u00f5es uma vez por m\u00eas, durante um ano, para evitar a reca\u00edda.<\/p>\n\n\n\n<p>Segundo estimativas, cerca de 7 milh\u00f5es de pessoas morrem anualmente por complica\u00e7\u00f5es decorrentes do tabagismo.<\/p>\n\n\n\n<p><em>(Fonte\/Imagem: Prefeitura de Jundia\u00ed)<\/em><\/p>\n","protected":false},"excerpt":{"rendered":"<p>Devido \u00e0 pandemia, o atendimento estava ocorrendo de forma individualizada<\/p>\n","protected":false},"author":25,"featured_media":76682,"comment_status":"closed","ping_status":"closed","sticky":false,"template":"","format":"standard","meta":{"footnotes":""},"categories":[29,1],"tags":[],"class_list":["post-76681","post","type-post","status-publish","format-standard","has-post-thumbnail","hentry","category-destaque","category-noticias"],"_links":{"self":[{"href":"https:\/\/tvtecjundiai.com.br\/news\/wp-json\/wp\/v2\/posts\/76681","targetHints":{"allow":["GET"]}}],"collection":[{"href":"https:\/\/tvtecjundiai.com.br\/news\/wp-json\/wp\/v2\/posts"}],"about":[{"href":"https:\/\/tvtecjundiai.com.br\/news\/wp-json\/wp\/v2\/types\/post"}],"author":[{"embeddable":true,"href":"https:\/\/tvtecjundiai.com.br\/news\/wp-json\/wp\/v2\/users\/25"}],"replies":[{"embeddable":true,"href":"https:\/\/tvtecjundiai.com.br\/news\/wp-json\/wp\/v2\/comments?post=76681"}],"version-history":[{"count":2,"href":"https:\/\/tvtecjundiai.com.br\/news\/wp-json\/wp\/v2\/posts\/76681\/revisions"}],"predecessor-version":[{"id":76684,"href":"https:\/\/tvtecjundiai.com.br\/news\/wp-json\/wp\/v2\/posts\/76681\/revisions\/76684"}],"wp:featuredmedia":[{"embeddable":true,"href":"https:\/\/tvtecjundiai.com.br\/news\/wp-json\/wp\/v2\/media\/76682"}],"wp:attachment":[{"href":"https:\/\/tvtecjundiai.com.br\/news\/wp-json\/wp\/v2\/media?parent=76681"}],"wp:term":[{"taxonomy":"category","embeddable":true,"href":"https:\/\/tvtecjundiai.com.br\/news\/wp-json\/wp\/v2\/categories?post=76681"},{"taxonomy":"post_tag","embeddable":true,"href":"https:\/\/tvtecjundiai.com.br\/news\/wp-json\/wp\/v2\/tags?post=76681"}],"curies":[{"name":"wp","href":"https:\/\/api.w.org\/{rel}","templated":true}]}}