{"id":76699,"date":"2021-05-30T19:59:20","date_gmt":"2021-05-30T22:59:20","guid":{"rendered":"https:\/\/tvtecjundiai.com.br\/news\/?p=76699"},"modified":"2021-05-30T19:59:20","modified_gmt":"2021-05-30T22:59:20","slug":"chuva-e-granizo-causam-danos-em-jundiai-neste-domingo-30","status":"publish","type":"post","link":"https:\/\/tvtecjundiai.com.br\/news\/2021\/05\/30\/chuva-e-granizo-causam-danos-em-jundiai-neste-domingo-30\/","title":{"rendered":"Chuva e granizo causam danos em Jundia\u00ed neste domingo (30)"},"content":{"rendered":"\n<p>Na tarde deste domingo (30), Jundia\u00ed foi acometida por uma chuva generalizada, acompanhada de vento e registro de granizo em diversos pontos da cidade. Os pluvi\u00f4metros da Defesa Civil, localizados na regi\u00e3o da Vila Graff, pr\u00f3ximos ao rio Jundia\u00ed, registraram 13.4 mil\u00edmetros; na regi\u00e3o do Santa Gertrudes \u2013 8.4 mil\u00edmetros, regi\u00e3o do Jardim Florestal \u2013 6.4 mil\u00edmetros e Fazenda Grande \u2013 1 mil\u00edmetro.<\/p>\n\n\n\n<p>Ap\u00f3s o epis\u00f3dio meteorol\u00f3gico, foram registradas nove quedas de \u00e1rvores na regi\u00e3o da Rua do Retiro, Rua Bom Jesus de Pirapora, regi\u00e3o dos bairros \u00c1gua Doce, Jardim Paulista, Jardim Ermida e Jardim Pacaembu, que est\u00e3o sendo removidas pelas equipes da Unidade de Gest\u00e3o de Infraestrutura e Servi\u00e7os P\u00fablicos.&nbsp;<\/p>\n\n\n\n<p>A Unidade de Gest\u00e3o de Mobilidade e Tr\u00e2nsito sinalizou a avenida Antonio Pincinato, na regi\u00e3o do Eloy Chaves, devido ao volume de \u00e1gua na via, assim como sem\u00e1foros nas proximidades das avenidas Jundia\u00ed e Nove de Julho que est\u00e3o desligados por falta de energia.&nbsp;<\/p>\n\n\n\n<p>A Unidade de Gest\u00e3o de Agroneg\u00f3cio, Abastecimento e Turismo informa que foram registrados danos em produ\u00e7\u00e3o rural nas regi\u00f5es do Medeiros e da Malota.<\/p>\n\n\n\n<p>A Defesa Civil realiza vistoria, avalia\u00e7\u00e3o estrutural e entrega de lonas para prote\u00e7\u00e3o dos telhados de aproximadamente 20 im\u00f3veis que sofreram avarias na regi\u00e3o do Jardim Guanabara, Vila Alvorada&nbsp; e Gramad\u00e3o.<\/p>\n\n\n\n<p>Em caso de ocorr\u00eancias em virtude da chuva e granizo, a Defesa Civil pode ser contatada pelos telefones 199 ou (11) 4586-0666. O \u00f3rg\u00e3o orienta que em caso de fortes chuvas, ventos e descargas el\u00e9tricas as pessoas evitem sair de casa e desliguem aparelhos das tomadas. Quem estiver no tr\u00e2nsito ou na rua, deve procurar abrigo em locais seguros.<\/p>\n\n\n\n<p>Todo mun\u00edcipe tamb\u00e9m pode cadastrar seu celular, gratuitamente, para receber alertas meteorol\u00f3gicos da Defesa Civil via SMS. Os interessados devem enviar um SMS para o n\u00famero 40199 com o C\u00f3digo de Endere\u00e7amento Postal (CEP) de interesse.<\/p>\n\n\n\n<div class=\"wp-block-image\"><figure class=\"aligncenter size-large\"><img loading=\"lazy\" decoding=\"async\" width=\"640\" height=\"640\" src=\"https:\/\/tvtecjundiai.com.br\/news\/wp-content\/uploads\/sites\/2\/2021\/05\/WhatsApp-Image-2021-05-30-at-19.55.37.jpeg\" alt=\"\" class=\"wp-image-76700\" srcset=\"https:\/\/tvtecjundiai.com.br\/news\/wp-content\/uploads\/sites\/2\/2021\/05\/WhatsApp-Image-2021-05-30-at-19.55.37.jpeg 640w, https:\/\/tvtecjundiai.com.br\/news\/wp-content\/uploads\/sites\/2\/2021\/05\/WhatsApp-Image-2021-05-30-at-19.55.37-300x300.jpeg 300w, https:\/\/tvtecjundiai.com.br\/news\/wp-content\/uploads\/sites\/2\/2021\/05\/WhatsApp-Image-2021-05-30-at-19.55.37-100x100.jpeg 100w\" sizes=\"auto, (max-width: 640px) 100vw, 640px\" \/><figcaption>Foto: Mariana Minutti<\/figcaption><\/figure><\/div>\n\n\n\n<p><em>(Fonte: Prefeitura de Jundia\u00ed\/Imagem: Divulga\u00e7\u00e3o)<\/em><\/p>\n","protected":false},"excerpt":{"rendered":"<p>Foram registradas nove quedas de \u00e1rvores e danos em produ\u00e7\u00f5es rurais<\/p>\n","protected":false},"author":25,"featured_media":76700,"comment_status":"closed","ping_status":"closed","sticky":false,"template":"","format":"standard","meta":{"footnotes":""},"categories":[3185,29,1],"tags":[],"class_list":["post-76699","post","type-post","status-publish","format-standard","has-post-thumbnail","hentry","category-clima","category-destaque","category-noticias"],"_links":{"self":[{"href":"https:\/\/tvtecjundiai.com.br\/news\/wp-json\/wp\/v2\/posts\/76699","targetHints":{"allow":["GET"]}}],"collection":[{"href":"https:\/\/tvtecjundiai.com.br\/news\/wp-json\/wp\/v2\/posts"}],"about":[{"href":"https:\/\/tvtecjundiai.com.br\/news\/wp-json\/wp\/v2\/types\/post"}],"author":[{"embeddable":true,"href":"https:\/\/tvtecjundiai.com.br\/news\/wp-json\/wp\/v2\/users\/25"}],"replies":[{"embeddable":true,"href":"https:\/\/tvtecjundiai.com.br\/news\/wp-json\/wp\/v2\/comments?post=76699"}],"version-history":[{"count":1,"href":"https:\/\/tvtecjundiai.com.br\/news\/wp-json\/wp\/v2\/posts\/76699\/revisions"}],"predecessor-version":[{"id":76701,"href":"https:\/\/tvtecjundiai.com.br\/news\/wp-json\/wp\/v2\/posts\/76699\/revisions\/76701"}],"wp:featuredmedia":[{"embeddable":true,"href":"https:\/\/tvtecjundiai.com.br\/news\/wp-json\/wp\/v2\/media\/76700"}],"wp:attachment":[{"href":"https:\/\/tvtecjundiai.com.br\/news\/wp-json\/wp\/v2\/media?parent=76699"}],"wp:term":[{"taxonomy":"category","embeddable":true,"href":"https:\/\/tvtecjundiai.com.br\/news\/wp-json\/wp\/v2\/categories?post=76699"},{"taxonomy":"post_tag","embeddable":true,"href":"https:\/\/tvtecjundiai.com.br\/news\/wp-json\/wp\/v2\/tags?post=76699"}],"curies":[{"name":"wp","href":"https:\/\/api.w.org\/{rel}","templated":true}]}}