{"id":76702,"date":"2021-05-31T09:13:20","date_gmt":"2021-05-31T12:13:20","guid":{"rendered":"https:\/\/tvtecjundiai.com.br\/news\/?p=76702"},"modified":"2021-05-31T09:13:20","modified_gmt":"2021-05-31T12:13:20","slug":"fundo-social-divulga-lista-de-contemplados-para-curso-de-cuidador-de-idosos","status":"publish","type":"post","link":"https:\/\/tvtecjundiai.com.br\/news\/2021\/05\/31\/fundo-social-divulga-lista-de-contemplados-para-curso-de-cuidador-de-idosos\/","title":{"rendered":"Fundo Social divulga lista de contemplados para curso de Cuidador de Idosos"},"content":{"rendered":"\n<p>O Fundo Social de Solidariedade de Jundia\u00ed (Funss) divulga, nesta segunda-feira (31), a lista dos alunos aptos e matriculados para o&nbsp;<strong>curso presencial de Cuidador de Idosos<\/strong>, realizado em parceria com o Centro Paula Souza (CPS). Em caso de desist\u00eancia, o aluno selecionado dever\u00e1 entrar em contato com o Funss, por telefone.<\/p>\n\n\n\n<p>Confira a listagem de matr\u00edcula:<\/p>\n\n\n\n<ol class=\"wp-block-list\" type=\"1\"><li>Maria Neusa Toresin Pessine<\/li><li>Laercia Regina de Campos<\/li><li>Oz\u00e9lia da Silva Mata<\/li><li>Cristina Keller<\/li><li>Denise Munhoz Barbosa<\/li><li>Mirian dos Santos Souza<\/li><li>Odete Ferreira<\/li><li>Jessica Mayara Peixoto<\/li><li>Deise Cristiane Alves Ferreira<\/li><li>Ana Cristina Maria<\/li><li>Gisele Regina Messias<\/li><li>\u00c9rica Dantas de Sousa Campos<\/li><li>Ivalnilda Meira Pinheiro da Silva<\/li><li>Ana Lucia Bertoni<\/li><li>Amanda Valeria Lumiati de Souza<\/li><li>Isabel Cristina Pereira Polli<\/li><li>Silvia Regina Lenne<\/li><li>J\u00e9ssica Alves da Silva<\/li><li>Nanci Eliani de Souza Kramer<\/li><li>Bruna Nalifico Machado<\/li><\/ol>\n\n\n\n<p>Ao todo, foram disponibilizadas 20 vagas gratuitas para pessoas com 18 anos ou mais, com Ensino Fundamental completo e residentes em Jundia\u00ed. As matr\u00edculas foram feitas pela internet e encerradas na \u00faltima quinta-feira (27), \u00e0s 16h. O crit\u00e9rio de preenchimento das vagas foi a ordem de envio do formul\u00e1rio, que considera hora, minuto e segundo. As fichas n\u00e3o contempladas est\u00e3o, automaticamente, na lista de espera e poder\u00e3o ser convocadas em caso de desist\u00eancia.<\/p>\n\n\n\n<p>O curso de Cuidador de Idosos ser\u00e1 presencial e ser\u00e3o seguidas todas as normas de seguran\u00e7a sanit\u00e1rias como distanciamento social, capacidade m\u00e1xima da sala e uso de \u00e1lcool em gel, entre outros. O uso de m\u00e1scara \u00e9 obrigat\u00f3rio. N\u00e3o ser\u00e1 permitida a entrada e a perman\u00eancia de alunos sem m\u00e1scara.<\/p>\n\n\n\n<p>As aulas ser\u00e3o realizadas de 01\/06 (ter\u00e7a-feira) a 29\/06\/2021 (ter\u00e7a-feira), das 18h \u00e0s 22h, sempre \u00e0s segundas, ter\u00e7as, quartas e quintas-feiras. O Fundo Social est\u00e1 localizado dentro do Parque da Uva. O acesso \u00e9 pela avenida Dona Manoela Lacerda de Vergueiro, s\/n, port\u00e3o 03, bairro Anhangaba\u00fa. O funcionamento da unidade \u00e9 de segunda a sexta-feira, das 8h \u00e0s 17h, exceto feriados. Informa\u00e7\u00f5es: (11) 4521-2762, 4521-2929 e 4521-6833.<\/p>\n\n\n\n<p><em>(Fonte\/Imagem: Prefeitura de Jundia\u00ed)<\/em><\/p>\n","protected":false},"excerpt":{"rendered":"<p>Foram disponibilizadas 20 vagas gratuitas para pessoas com 18 anos ou mais, com Ensino Fundamental completo e residentes em Jundia\u00ed <\/p>\n","protected":false},"author":25,"featured_media":76703,"comment_status":"closed","ping_status":"closed","sticky":false,"template":"","format":"standard","meta":{"footnotes":""},"categories":[1],"tags":[],"class_list":["post-76702","post","type-post","status-publish","format-standard","has-post-thumbnail","hentry","category-noticias"],"_links":{"self":[{"href":"https:\/\/tvtecjundiai.com.br\/news\/wp-json\/wp\/v2\/posts\/76702","targetHints":{"allow":["GET"]}}],"collection":[{"href":"https:\/\/tvtecjundiai.com.br\/news\/wp-json\/wp\/v2\/posts"}],"about":[{"href":"https:\/\/tvtecjundiai.com.br\/news\/wp-json\/wp\/v2\/types\/post"}],"author":[{"embeddable":true,"href":"https:\/\/tvtecjundiai.com.br\/news\/wp-json\/wp\/v2\/users\/25"}],"replies":[{"embeddable":true,"href":"https:\/\/tvtecjundiai.com.br\/news\/wp-json\/wp\/v2\/comments?post=76702"}],"version-history":[{"count":1,"href":"https:\/\/tvtecjundiai.com.br\/news\/wp-json\/wp\/v2\/posts\/76702\/revisions"}],"predecessor-version":[{"id":76704,"href":"https:\/\/tvtecjundiai.com.br\/news\/wp-json\/wp\/v2\/posts\/76702\/revisions\/76704"}],"wp:featuredmedia":[{"embeddable":true,"href":"https:\/\/tvtecjundiai.com.br\/news\/wp-json\/wp\/v2\/media\/76703"}],"wp:attachment":[{"href":"https:\/\/tvtecjundiai.com.br\/news\/wp-json\/wp\/v2\/media?parent=76702"}],"wp:term":[{"taxonomy":"category","embeddable":true,"href":"https:\/\/tvtecjundiai.com.br\/news\/wp-json\/wp\/v2\/categories?post=76702"},{"taxonomy":"post_tag","embeddable":true,"href":"https:\/\/tvtecjundiai.com.br\/news\/wp-json\/wp\/v2\/tags?post=76702"}],"curies":[{"name":"wp","href":"https:\/\/api.w.org\/{rel}","templated":true}]}}