{"id":76705,"date":"2021-05-31T09:39:47","date_gmt":"2021-05-31T12:39:47","guid":{"rendered":"https:\/\/tvtecjundiai.com.br\/news\/?p=76705"},"modified":"2021-05-31T09:40:13","modified_gmt":"2021-05-31T12:40:13","slug":"brasil-tem-2136-da-populacao-vacinada-com-a-primeira-dose-contra-a-covid-19","status":"publish","type":"post","link":"https:\/\/tvtecjundiai.com.br\/news\/2021\/05\/31\/brasil-tem-2136-da-populacao-vacinada-com-a-primeira-dose-contra-a-covid-19\/","title":{"rendered":"Brasil tem 21,36% da popula\u00e7\u00e3o vacinada com a primeira dose contra a COVID-19"},"content":{"rendered":"\n<p>O n\u00famero de pessoas vacinadas com ao menos uma dose contra a COVID-19 no Brasil chegou neste domingo, 30, a 45.233.638, o equivalente a 21,36% da popula\u00e7\u00e3o total. Nas \u00faltimas 24 horas, 92.205 pessoas receberam a primeira dose da vacina, de acordo com dados reunidos pelo cons\u00f3rcio de ve\u00edculos de imprensa junto a secretarias de 26 Estados e Distrito Federal. Neste domingo, somente 22 deles atualizaram os dados.<\/p>\n\n\n\n<p>Entre os mais de 45 milh\u00f5es de vacinados, 22.063.266 milh\u00f5es receberam a segunda dose, o que representa 10,42% da popula\u00e7\u00e3o com a imuniza\u00e7\u00e3o completa contra o novo coronav\u00edrus. Nas \u00faltimas 24 horas, 30.531 pessoas receberam essa dose de refor\u00e7o. Somando as vacinas de primeira e segunda dose aplicadas, o Brasil administrou 122.736 de doses neste domingo.<\/p>\n\n\n\n<div class=\"wp-block-image\"><figure class=\"aligncenter size-large\"><img loading=\"lazy\" decoding=\"async\" width=\"960\" height=\"639\" src=\"https:\/\/tvtecjundiai.com.br\/news\/wp-content\/uploads\/sites\/2\/2021\/05\/193226427_5596429197097009_9150094238940668699_n.jpg\" alt=\"\" class=\"wp-image-76706\" srcset=\"https:\/\/tvtecjundiai.com.br\/news\/wp-content\/uploads\/sites\/2\/2021\/05\/193226427_5596429197097009_9150094238940668699_n.jpg 960w, https:\/\/tvtecjundiai.com.br\/news\/wp-content\/uploads\/sites\/2\/2021\/05\/193226427_5596429197097009_9150094238940668699_n-300x200.jpg 300w, https:\/\/tvtecjundiai.com.br\/news\/wp-content\/uploads\/sites\/2\/2021\/05\/193226427_5596429197097009_9150094238940668699_n-768x511.jpg 768w\" sizes=\"auto, (max-width: 960px) 100vw, 960px\" \/><\/figure><\/div>\n\n\n\n<p>Em termos proporcionais, o Mato Grosso do Sul e o Rio Grande do Sul s\u00e3o os Estados que mais vacinaram a popula\u00e7\u00e3o at\u00e9 aqui: 28,80% e 27,22% dos habitantes receberam ao menos a primeira dose, respectivamente. A porcentagem mais baixa \u00e9 encontrada em Rond\u00f4nia, onde 12,81% receberam a vacina.<\/p>\n\n\n\n<p>Em n\u00fameros absolutos, o maior n\u00famero de vacinados com a primeira dose est\u00e1 em S\u00e3o Paulo (11,3 milh\u00f5es), seguido por Minas Gerais (4,77 milh\u00f5es) e o Rio de Janeiro (3,37 milh\u00f5es).<\/p>\n\n\n\n<p><em>(Fonte: Estad\u00e3o\/Imagem: Prefeitura de Jundia\u00ed)<\/em><\/p>\n","protected":false},"excerpt":{"rendered":"<p>Nas \u00faltimas 24 horas, 92.205 pessoas receberam a primeira dose da vacina<\/p>\n","protected":false},"author":25,"featured_media":76706,"comment_status":"closed","ping_status":"closed","sticky":false,"template":"","format":"standard","meta":{"footnotes":""},"categories":[1,2839],"tags":[],"class_list":["post-76705","post","type-post","status-publish","format-standard","has-post-thumbnail","hentry","category-noticias","category-saude"],"_links":{"self":[{"href":"https:\/\/tvtecjundiai.com.br\/news\/wp-json\/wp\/v2\/posts\/76705","targetHints":{"allow":["GET"]}}],"collection":[{"href":"https:\/\/tvtecjundiai.com.br\/news\/wp-json\/wp\/v2\/posts"}],"about":[{"href":"https:\/\/tvtecjundiai.com.br\/news\/wp-json\/wp\/v2\/types\/post"}],"author":[{"embeddable":true,"href":"https:\/\/tvtecjundiai.com.br\/news\/wp-json\/wp\/v2\/users\/25"}],"replies":[{"embeddable":true,"href":"https:\/\/tvtecjundiai.com.br\/news\/wp-json\/wp\/v2\/comments?post=76705"}],"version-history":[{"count":1,"href":"https:\/\/tvtecjundiai.com.br\/news\/wp-json\/wp\/v2\/posts\/76705\/revisions"}],"predecessor-version":[{"id":76707,"href":"https:\/\/tvtecjundiai.com.br\/news\/wp-json\/wp\/v2\/posts\/76705\/revisions\/76707"}],"wp:featuredmedia":[{"embeddable":true,"href":"https:\/\/tvtecjundiai.com.br\/news\/wp-json\/wp\/v2\/media\/76706"}],"wp:attachment":[{"href":"https:\/\/tvtecjundiai.com.br\/news\/wp-json\/wp\/v2\/media?parent=76705"}],"wp:term":[{"taxonomy":"category","embeddable":true,"href":"https:\/\/tvtecjundiai.com.br\/news\/wp-json\/wp\/v2\/categories?post=76705"},{"taxonomy":"post_tag","embeddable":true,"href":"https:\/\/tvtecjundiai.com.br\/news\/wp-json\/wp\/v2\/tags?post=76705"}],"curies":[{"name":"wp","href":"https:\/\/api.w.org\/{rel}","templated":true}]}}