{"id":76714,"date":"2021-05-31T12:18:24","date_gmt":"2021-05-31T15:18:24","guid":{"rendered":"https:\/\/tvtecjundiai.com.br\/news\/?p=76714"},"modified":"2021-05-31T13:03:03","modified_gmt":"2021-05-31T16:03:03","slug":"cinica-da-familia-e-pronto-atendimento-tem-obras-iniciadas-na-ponte-sao-joao","status":"publish","type":"post","link":"https:\/\/tvtecjundiai.com.br\/news\/2021\/05\/31\/cinica-da-familia-e-pronto-atendimento-tem-obras-iniciadas-na-ponte-sao-joao\/","title":{"rendered":"Cl\u00ednica da Fam\u00edlia e Pronto Atendimento t\u00eam obras iniciadas na Ponte S\u00e3o Jo\u00e3o"},"content":{"rendered":"\n<p>Junto das equipes das Unidades de Promo\u00e7\u00e3o da Sa\u00fade (UGPS) e Infraestrutura e Servi\u00e7os P\u00fablicos (UGISP), o prefeito Luiz Fernando Machado vistoriou as obras de constru\u00e7\u00e3o dos equipamentos Cl\u00ednica da Fam\u00edlia e Unidade de Pronto Atendimento da Ponte S\u00e3o Jo\u00e3o. O pr\u00e9dio, com quase 3 mil metros quadrados de constru\u00e7\u00e3o, ser\u00e1 o maior equipamento neste modelo de atendimento resolutivo na cidade e atender\u00e1 a 100 mil pessoas, com consultas cl\u00ednicas e de especialidades al\u00e9m de exames, na porta de casa.<\/p>\n\n\n\n<p>\u201cA Cl\u00ednica da Fam\u00edlia e a Unidade de Pronto Atendimento da Ponte S\u00e3o Jo\u00e3o formam um complexo de Sa\u00fade que re\u00fane a Aten\u00e7\u00e3o B\u00e1sica e a Urg\u00eancia e Emerg\u00eancia num \u00fanico pr\u00e9dio, promovendo a resolutividade \u00e0 popula\u00e7\u00e3o, sem a necessidade de deslocamentos, com exames de diagn\u00f3stico e consultas com especialistas. O servi\u00e7o ser\u00e1 o mesmo j\u00e1 implantado no Novo Horizonte e premiado nacionalmente pela inova\u00e7\u00e3o proporcionada aos usu\u00e1rios\u201d, comentou o prefeito Luiz Fernando Machado.<\/p>\n\n\n\n<div class=\"wp-block-image\"><figure class=\"aligncenter size-large\"><img loading=\"lazy\" decoding=\"async\" width=\"1200\" height=\"800\" src=\"https:\/\/tvtecjundiai.com.br\/news\/wp-content\/uploads\/sites\/2\/2021\/05\/fiscalizacao_upa_ponte_sao_joao-382-1200x800.jpg\" alt=\"\" class=\"wp-image-76715\" srcset=\"https:\/\/tvtecjundiai.com.br\/news\/wp-content\/uploads\/sites\/2\/2021\/05\/fiscalizacao_upa_ponte_sao_joao-382-1200x800.jpg 1200w, https:\/\/tvtecjundiai.com.br\/news\/wp-content\/uploads\/sites\/2\/2021\/05\/fiscalizacao_upa_ponte_sao_joao-382-300x200.jpg 300w, https:\/\/tvtecjundiai.com.br\/news\/wp-content\/uploads\/sites\/2\/2021\/05\/fiscalizacao_upa_ponte_sao_joao-382-768x512.jpg 768w, https:\/\/tvtecjundiai.com.br\/news\/wp-content\/uploads\/sites\/2\/2021\/05\/fiscalizacao_upa_ponte_sao_joao-382.jpg 1280w\" sizes=\"auto, (max-width: 1200px) 100vw, 1200px\" \/><figcaption>Prefeito Luiz Fernando, vice Gustavo Martinelli e equipe vistoriaram a obra da Cl\u00ednica da Fam\u00edlia\/Unidade Pronto Atendimento na Ponte S\u00e3o Jo\u00e3o<\/figcaption><\/figure><\/div>\n\n\n\n<p>A visita contou com a presen\u00e7a do gestor da UGPS, Tiago Texera, que detalhou o funcionamento dos servi\u00e7os. \u201cTeremos a Aten\u00e7\u00e3o B\u00e1sica, com a Cl\u00ednica da Fam\u00edlia, que contar\u00e1 com equipes de Estrat\u00e9gia de Sa\u00fade da Fam\u00edlia e um N\u00facleo de Apoio com psic\u00f3logos, psiquiatra, nutricionais e fisioterapeutas para a promo\u00e7\u00e3o \u00e0 Sa\u00fade e preven\u00e7\u00e3o das doen\u00e7as. Esse servi\u00e7o ser\u00e1 refer\u00eancia para 30 mil pessoas. J\u00e1 a Unidade de Pronto Atendimento ter\u00e1 a abrang\u00eancia para 100 mil moradores e contar\u00e1 com m\u00e9dicos cl\u00ednicos, pediatras e ortopedista, al\u00e9m de exames de raio-x, eletrocardiograma, ultrassonografia e an\u00e1lises cl\u00ednicas. Assim como na UPA Vetor Oeste, a resolutividade ser\u00e1 de 95%, ou seja, somente os casos de alta complexidade \u00e9 que precisar\u00e3o ser destinados para os hospitais. Os demais, ser\u00e3o atendidos e resolvidos aqui, perto da casa do usu\u00e1rio\u201d, exemplifica.<\/p>\n\n\n\n<p>O vice-prefeito Gustavo Martinelli, que acompanhou a vistoria, destacou que a UPA \u00e9 uma reivindica\u00e7\u00e3o antiga dos moradores da regi\u00e3o. \u201cA obra foi iniciada em 2016 e logo paralisada, por falhas no projeto estrutural. Agora retomamos a constru\u00e7\u00e3o, com uma proposta ainda melhor de atendimento dos usu\u00e1rios\u201d, explicou. A retomada teve in\u00edcio em maio e o prazo de entrega \u00e9 de 18 meses.<\/p>\n\n\n\n<div class=\"wp-block-image\"><figure class=\"aligncenter size-large\"><img loading=\"lazy\" decoding=\"async\" width=\"1200\" height=\"800\" src=\"https:\/\/tvtecjundiai.com.br\/news\/wp-content\/uploads\/sites\/2\/2021\/05\/fiscalizacao_upa_ponte_sao_joao-34-1200x800.jpg\" alt=\"\" class=\"wp-image-76716\" srcset=\"https:\/\/tvtecjundiai.com.br\/news\/wp-content\/uploads\/sites\/2\/2021\/05\/fiscalizacao_upa_ponte_sao_joao-34-1200x800.jpg 1200w, https:\/\/tvtecjundiai.com.br\/news\/wp-content\/uploads\/sites\/2\/2021\/05\/fiscalizacao_upa_ponte_sao_joao-34-300x200.jpg 300w, https:\/\/tvtecjundiai.com.br\/news\/wp-content\/uploads\/sites\/2\/2021\/05\/fiscalizacao_upa_ponte_sao_joao-34-768x512.jpg 768w, https:\/\/tvtecjundiai.com.br\/news\/wp-content\/uploads\/sites\/2\/2021\/05\/fiscalizacao_upa_ponte_sao_joao-34.jpg 1280w\" sizes=\"auto, (max-width: 1200px) 100vw, 1200px\" \/><figcaption>Obra tem prazo para conclus\u00e3o de 18 meses<\/figcaption><\/figure><\/div>\n\n\n\n<p>\u201cA retomada da constru\u00e7\u00e3o atende aos anseios da popula\u00e7\u00e3o e \u00e9 mais um projeto do Plano de Governo do prefeito Luiz Fernando que est\u00e1 sendo realizado\u201d, lembrou o vereador presidente da Comiss\u00e3o de Sa\u00fade, Assist\u00eancia Social e Previd\u00eancia, Jos\u00e9 Ant\u00f4nio Kachan J\u00fanior.<\/p>\n\n\n\n<p>Confira mais fotos no&nbsp;<a href=\"https:\/\/flic.kr\/s\/aHsmVRjjcJ\">Flickr da Prefeitura de Jundia\u00ed<\/a>.<\/p>\n\n\n\n<p><em>(Fonte\/Imagem: Prefeitura de Jundia\u00ed)<\/em><\/p>\n","protected":false},"excerpt":{"rendered":"<p> O pr\u00e9dio, com quase 3 mil m\u00b2 de constru\u00e7\u00e3o, ser\u00e1 o maior equipamento neste modelo de atendimento na cidade<\/p>\n","protected":false},"author":25,"featured_media":76716,"comment_status":"closed","ping_status":"closed","sticky":false,"template":"","format":"standard","meta":{"footnotes":""},"categories":[1,2839],"tags":[],"class_list":["post-76714","post","type-post","status-publish","format-standard","has-post-thumbnail","hentry","category-noticias","category-saude"],"_links":{"self":[{"href":"https:\/\/tvtecjundiai.com.br\/news\/wp-json\/wp\/v2\/posts\/76714","targetHints":{"allow":["GET"]}}],"collection":[{"href":"https:\/\/tvtecjundiai.com.br\/news\/wp-json\/wp\/v2\/posts"}],"about":[{"href":"https:\/\/tvtecjundiai.com.br\/news\/wp-json\/wp\/v2\/types\/post"}],"author":[{"embeddable":true,"href":"https:\/\/tvtecjundiai.com.br\/news\/wp-json\/wp\/v2\/users\/25"}],"replies":[{"embeddable":true,"href":"https:\/\/tvtecjundiai.com.br\/news\/wp-json\/wp\/v2\/comments?post=76714"}],"version-history":[{"count":3,"href":"https:\/\/tvtecjundiai.com.br\/news\/wp-json\/wp\/v2\/posts\/76714\/revisions"}],"predecessor-version":[{"id":76720,"href":"https:\/\/tvtecjundiai.com.br\/news\/wp-json\/wp\/v2\/posts\/76714\/revisions\/76720"}],"wp:featuredmedia":[{"embeddable":true,"href":"https:\/\/tvtecjundiai.com.br\/news\/wp-json\/wp\/v2\/media\/76716"}],"wp:attachment":[{"href":"https:\/\/tvtecjundiai.com.br\/news\/wp-json\/wp\/v2\/media?parent=76714"}],"wp:term":[{"taxonomy":"category","embeddable":true,"href":"https:\/\/tvtecjundiai.com.br\/news\/wp-json\/wp\/v2\/categories?post=76714"},{"taxonomy":"post_tag","embeddable":true,"href":"https:\/\/tvtecjundiai.com.br\/news\/wp-json\/wp\/v2\/tags?post=76714"}],"curies":[{"name":"wp","href":"https:\/\/api.w.org\/{rel}","templated":true}]}}