{"id":76722,"date":"2021-05-31T14:03:42","date_gmt":"2021-05-31T17:03:42","guid":{"rendered":"https:\/\/tvtecjundiai.com.br\/news\/?p=76722"},"modified":"2021-05-31T14:03:42","modified_gmt":"2021-05-31T17:03:42","slug":"prefeitura-de-jundiai-faz-limpeza-de-galhos-e-vegetacao-apos-tempestade-de-granizo","status":"publish","type":"post","link":"https:\/\/tvtecjundiai.com.br\/news\/2021\/05\/31\/prefeitura-de-jundiai-faz-limpeza-de-galhos-e-vegetacao-apos-tempestade-de-granizo\/","title":{"rendered":"Prefeitura de Jundia\u00ed faz limpeza de galhos e vegeta\u00e7\u00e3o ap\u00f3s tempestade de granizo"},"content":{"rendered":"\n<p>A Unidade de Gest\u00e3o de Infraestrutura de Servi\u00e7os P\u00fablicos (UGISP) realiza, desde a tarde do \u00faltimo domingo (30), um trabalho de limpeza de galhos e vegeta\u00e7\u00e3o ca\u00eddos em vias p\u00fablicas ap\u00f3s a tempestade de granizo que atingiu a cidade. O trabalho est\u00e1 sendo executado em diferentes regi\u00f5es do munic\u00edpio pelos departamentos de Limpeza P\u00fablica e de Parques, Jardins e Pra\u00e7as.<\/p>\n\n\n\n<figure class=\"wp-block-gallery columns-1 is-cropped wp-block-gallery-1 is-layout-flex wp-block-gallery-is-layout-flex\"><ul class=\"blocks-gallery-grid\"><li class=\"blocks-gallery-item\"><figure><img loading=\"lazy\" decoding=\"async\" width=\"1200\" height=\"800\" src=\"https:\/\/tvtecjundiai.com.br\/news\/wp-content\/uploads\/sites\/2\/2021\/05\/limpeza-publica-na-av-09-de-julho_c_-8-copiar-1200x800.jpg\" alt=\"\" data-id=\"76723\" data-full-url=\"https:\/\/tvtecjundiai.com.br\/news\/wp-content\/uploads\/sites\/2\/2021\/05\/limpeza-publica-na-av-09-de-julho_c_-8-copiar.jpg\" data-link=\"https:\/\/tvtecjundiai.com.br\/news\/?attachment_id=76723\" class=\"wp-image-76723\" srcset=\"https:\/\/tvtecjundiai.com.br\/news\/wp-content\/uploads\/sites\/2\/2021\/05\/limpeza-publica-na-av-09-de-julho_c_-8-copiar-1200x800.jpg 1200w, https:\/\/tvtecjundiai.com.br\/news\/wp-content\/uploads\/sites\/2\/2021\/05\/limpeza-publica-na-av-09-de-julho_c_-8-copiar-300x200.jpg 300w, https:\/\/tvtecjundiai.com.br\/news\/wp-content\/uploads\/sites\/2\/2021\/05\/limpeza-publica-na-av-09-de-julho_c_-8-copiar-768x512.jpg 768w, https:\/\/tvtecjundiai.com.br\/news\/wp-content\/uploads\/sites\/2\/2021\/05\/limpeza-publica-na-av-09-de-julho_c_-8-copiar.jpg 1280w\" sizes=\"auto, (max-width: 1200px) 100vw, 1200px\" \/><\/figure><\/li><\/ul><figcaption class=\"blocks-gallery-caption\">Na 9 de Julho, equipes de Limpeza P\u00fablica retiram folhagem que ficou acumulada ap\u00f3s chuva de granizo<\/figcaption><\/figure>\n\n\n\n<p>\u201cNo domingo atendemos 12 ocorr\u00eancias por causa da queda de \u00e1rvores, galhos e vegeta\u00e7\u00e3o\u201d, explicou o diretor do Departamento de Parques, Jardins e Pra\u00e7as, Rudislei Santos. \u201cNosso trabalho continua nesta na segunda, de maneira refor\u00e7ada, com aproximadamente 100 pessoas \u2013 entre equipes de varri\u00e7\u00e3o, poda e ro\u00e7ada \u2013 para dar conta desse servi\u00e7o\u201d, declarou o diretor do Departamento de Limpeza P\u00fablica, M\u00e1rcio Alberto Moraes. A UGISP atendeu pedidos de limpeza em diferentes bairros como Jardim Ermida, \u00c1gua Doce, Vila Progresso, Vila Rami, Jardim Pacaembu, Vale Azul, Centro, \u00c1gua Doce, entre outros.<\/p>\n\n\n\n<p>A UGISP tamb\u00e9m realiza, nesta segunda (31), a limpeza de bueiros e galerias que apresentam ou podem vir a apresentar entupimento por causa da mesma vegeta\u00e7\u00e3o que fica parada em seus interiores.<\/p>\n\n\n\n<p><em>(Texto\/Imagem: Prefeitura de Jundia\u00ed)<\/em><\/p>\n","protected":false},"excerpt":{"rendered":"<p>O trabalho est\u00e1 sendo executado em diferentes regi\u00f5es do munic\u00edpio<\/p>\n","protected":false},"author":28,"featured_media":76723,"comment_status":"closed","ping_status":"closed","sticky":false,"template":"","format":"standard","meta":{"footnotes":""},"categories":[8356,1],"tags":[],"class_list":["post-76722","post","type-post","status-publish","format-standard","has-post-thumbnail","hentry","category-jundiai","category-noticias"],"_links":{"self":[{"href":"https:\/\/tvtecjundiai.com.br\/news\/wp-json\/wp\/v2\/posts\/76722","targetHints":{"allow":["GET"]}}],"collection":[{"href":"https:\/\/tvtecjundiai.com.br\/news\/wp-json\/wp\/v2\/posts"}],"about":[{"href":"https:\/\/tvtecjundiai.com.br\/news\/wp-json\/wp\/v2\/types\/post"}],"author":[{"embeddable":true,"href":"https:\/\/tvtecjundiai.com.br\/news\/wp-json\/wp\/v2\/users\/28"}],"replies":[{"embeddable":true,"href":"https:\/\/tvtecjundiai.com.br\/news\/wp-json\/wp\/v2\/comments?post=76722"}],"version-history":[{"count":1,"href":"https:\/\/tvtecjundiai.com.br\/news\/wp-json\/wp\/v2\/posts\/76722\/revisions"}],"predecessor-version":[{"id":76724,"href":"https:\/\/tvtecjundiai.com.br\/news\/wp-json\/wp\/v2\/posts\/76722\/revisions\/76724"}],"wp:featuredmedia":[{"embeddable":true,"href":"https:\/\/tvtecjundiai.com.br\/news\/wp-json\/wp\/v2\/media\/76723"}],"wp:attachment":[{"href":"https:\/\/tvtecjundiai.com.br\/news\/wp-json\/wp\/v2\/media?parent=76722"}],"wp:term":[{"taxonomy":"category","embeddable":true,"href":"https:\/\/tvtecjundiai.com.br\/news\/wp-json\/wp\/v2\/categories?post=76722"},{"taxonomy":"post_tag","embeddable":true,"href":"https:\/\/tvtecjundiai.com.br\/news\/wp-json\/wp\/v2\/tags?post=76722"}],"curies":[{"name":"wp","href":"https:\/\/api.w.org\/{rel}","templated":true}]}}