{"id":76732,"date":"2021-05-31T15:49:02","date_gmt":"2021-05-31T18:49:02","guid":{"rendered":"https:\/\/tvtecjundiai.com.br\/news\/?p=76732"},"modified":"2021-05-31T16:26:18","modified_gmt":"2021-05-31T19:26:18","slug":"moradores-relatam-susto-com-chuva-de-granizo-em-jundiai-parecia-nova-york","status":"publish","type":"post","link":"https:\/\/tvtecjundiai.com.br\/news\/2021\/05\/31\/moradores-relatam-susto-com-chuva-de-granizo-em-jundiai-parecia-nova-york\/","title":{"rendered":"Moradores relatam susto com chuva de granizo que deixou ruas de Jundia\u00ed cobertas de gelo"},"content":{"rendered":"\n<p>A chuva de granizo que atingiu Jundia\u00ed (SP) na tarde deste domingo (30) chamou aten\u00e7\u00e3o dos moradores por deixar as ruas cobertas de gelo, o que mudou o cen\u00e1rio da cidade do interior paulista. Segundo a Defesa Civil, n\u00e3o houve feridos, mas duas produ\u00e7\u00f5es rurais e 20 im\u00f3veis foram danificados.<\/p>\n\n\n\n<p>A moradora Tatiana Nakamura afirmou ao G1 que estava na casa com a m\u00e3e e o irm\u00e3o, no Jardim Tannus, quando ouviu o forte vento. Em seguida, o vidro de uma porta quebrou e os toldos que ficam na \u00e1rea de lazer do im\u00f3vel foram arrancados com a for\u00e7a da chuva.<\/p>\n\n\n\n<p>&#8220;Ficamos bem assustados com o barulho. Muito forte. Mas gra\u00e7as a Deus ningu\u00e9m ficou ferido. Infelizmente os toldos da minha m\u00e3e foram arrancados. Nunca tinha visto isso antes. A \u00faltima vez que choveu forte assim foi h\u00e1 muitos anos, em 2008&#8221;, diz.<\/p>\n\n\n\n<figure class=\"wp-block-gallery columns-1 is-cropped wp-block-gallery-1 is-layout-flex wp-block-gallery-is-layout-flex\"><ul class=\"blocks-gallery-grid\"><li class=\"blocks-gallery-item\"><figure><img loading=\"lazy\" decoding=\"async\" width=\"984\" height=\"854\" src=\"https:\/\/tvtecjundiai.com.br\/news\/wp-content\/uploads\/sites\/2\/2021\/05\/834dc737-7383-43ba-9c06-952e37de8306.jpg\" alt=\"\" data-id=\"76734\" data-full-url=\"https:\/\/tvtecjundiai.com.br\/news\/wp-content\/uploads\/sites\/2\/2021\/05\/834dc737-7383-43ba-9c06-952e37de8306.jpg\" data-link=\"https:\/\/tvtecjundiai.com.br\/news\/?attachment_id=76734\" class=\"wp-image-76734\" srcset=\"https:\/\/tvtecjundiai.com.br\/news\/wp-content\/uploads\/sites\/2\/2021\/05\/834dc737-7383-43ba-9c06-952e37de8306.jpg 984w, https:\/\/tvtecjundiai.com.br\/news\/wp-content\/uploads\/sites\/2\/2021\/05\/834dc737-7383-43ba-9c06-952e37de8306-300x260.jpg 300w, https:\/\/tvtecjundiai.com.br\/news\/wp-content\/uploads\/sites\/2\/2021\/05\/834dc737-7383-43ba-9c06-952e37de8306-768x667.jpg 768w\" sizes=\"auto, (max-width: 984px) 100vw, 984px\" \/><\/figure><\/li><\/ul><figcaption class=\"blocks-gallery-caption\">Seria Nova Iorque? N\u00e3o, \u00e9 apenas uma rua de Jundia\u00ed atingida pelo temporal de granizo <\/figcaption><\/figure>\n\n\n\n<p>Tatiana ainda conta que a chuva de granizo foi r\u00e1pida. Quando parou, as pedras de gelo cobriram a rua Bruno Trevisan e se tornaram atra\u00e7\u00e3o no bairro.<\/p>\n\n\n\n<p>O morador Rafael Cicconi tamb\u00e9m relata que se assustou no momento da chuva. Ele mora no Jardim Samambaia e afirma que a avenida perto do seu pr\u00e9dio ficou tomada pelo granizo.<\/p>\n\n\n\n<p>&#8220;Do nada um vento muito forte. Ao ver pela janela do pr\u00e9dio, tinha muito granizo, o que virou atra\u00e7\u00e3o. Acho que vi uns seis carros parando para olhar o cen\u00e1rio&#8221;, conta.<\/p>\n\n\n\n<p>Rafael ainda diz que quando a chuva parou e o tempo ficou melhor, ele aproveitou para mostrar o granizo ao filho, de apenas 4 anos. &#8220;N\u00f3s descemos e a sensa\u00e7\u00e3o era de que a avenida estava com neve. Ele brincou at\u00e9 que ia fazer boneco de neve&#8221;, diz.<\/p>\n\n\n\n<figure class=\"wp-block-gallery columns-1 is-cropped wp-block-gallery-2 is-layout-flex wp-block-gallery-is-layout-flex\"><ul class=\"blocks-gallery-grid\"><li class=\"blocks-gallery-item\"><figure><img loading=\"lazy\" decoding=\"async\" width=\"984\" height=\"738\" src=\"https:\/\/tvtecjundiai.com.br\/news\/wp-content\/uploads\/sites\/2\/2021\/05\/4ce3e214-591c-44c5-b2a4-8344dbe5ceba.jpg\" alt=\"\" data-id=\"76735\" data-full-url=\"https:\/\/tvtecjundiai.com.br\/news\/wp-content\/uploads\/sites\/2\/2021\/05\/4ce3e214-591c-44c5-b2a4-8344dbe5ceba.jpg\" data-link=\"https:\/\/tvtecjundiai.com.br\/news\/?attachment_id=76735\" class=\"wp-image-76735\" srcset=\"https:\/\/tvtecjundiai.com.br\/news\/wp-content\/uploads\/sites\/2\/2021\/05\/4ce3e214-591c-44c5-b2a4-8344dbe5ceba.jpg 984w, https:\/\/tvtecjundiai.com.br\/news\/wp-content\/uploads\/sites\/2\/2021\/05\/4ce3e214-591c-44c5-b2a4-8344dbe5ceba-300x225.jpg 300w, https:\/\/tvtecjundiai.com.br\/news\/wp-content\/uploads\/sites\/2\/2021\/05\/4ce3e214-591c-44c5-b2a4-8344dbe5ceba-768x576.jpg 768w\" sizes=\"auto, (max-width: 984px) 100vw, 984px\" \/><\/figure><\/li><\/ul><figcaption class=\"blocks-gallery-caption\">Granizo foi tanto que encobriu as ruas da cidade<\/figcaption><\/figure>\n\n\n\n<p><strong>Chuva<\/strong><\/p>\n\n\n\n<p>A Defesa Civil informou que os pluvi\u00f4metros instalados na regi\u00e3o da Vila Graff, pr\u00f3ximos ao rio Jundia\u00ed, registraram 13.4 mil\u00edmetros de chuva. Na regi\u00e3o do Santa Gertrudes foram 8.4 mil\u00edmetros, e regi\u00e3o do Jardim Florestal, 6.4 mil\u00edmetros. J\u00e1 na Fazenda Grande foi registrado 1 mil\u00edmetro.<\/p>\n\n\n\n<p>Houve quedas de \u00e1rvores na regi\u00e3o da Rua do Retiro, Rua Bom Jesus de Pirapora, regi\u00e3o dos bairros \u00c1gua Doce, Jardim Paulista, Jardim Ermida e Jardim Pacaembu, que foram removidas pelas equipes da Unidade de Gest\u00e3o de Infraestrutura e Servi\u00e7os P\u00fablicos.<\/p>\n\n\n\n<p>Ainda de acordo com a Defesa Civil, a Unidade de Gest\u00e3o de Mobilidade e Tr\u00e2nsito sinalizou a avenida Antonio Pincinato, na regi\u00e3o do Eloy Chaves, devido ao volume de \u00e1gua na via, assim como sem\u00e1foros nas proximidades das avenidas Jundia\u00ed e Nove de Julho que ficaram desligados por falta de energia.<\/p>\n\n\n\n<p>A Unidade de Gest\u00e3o de Agroneg\u00f3cio, Abastecimento e Turismo informou tamb\u00e9m que foram registrados danos em produ\u00e7\u00e3o rural nas regi\u00f5es do Medeiros e da Malota.<\/p>\n\n\n\n<p>A Defesa Civil ressaltou que realiza vistoria, avalia\u00e7\u00e3o estrutural e entrega de lonas para prote\u00e7\u00e3o dos telhados de aproximadamente 20 im\u00f3veis que sofreram avarias na regi\u00e3o do Jardim Guanabara, Vila Alvorada e Gramad\u00e3o.<\/p>\n\n\n\n<p><em>(Texto\/Imagem: G1)<\/em><\/p>\n","protected":false},"excerpt":{"rendered":"<p>Segundo a Defesa Civil, foram registrados danos em duas produ\u00e7\u00f5es rurais e nos telhados de 20 casas<\/p>\n","protected":false},"author":28,"featured_media":76734,"comment_status":"closed","ping_status":"closed","sticky":false,"template":"","format":"standard","meta":{"footnotes":""},"categories":[8356,1],"tags":[],"class_list":["post-76732","post","type-post","status-publish","format-standard","has-post-thumbnail","hentry","category-jundiai","category-noticias"],"_links":{"self":[{"href":"https:\/\/tvtecjundiai.com.br\/news\/wp-json\/wp\/v2\/posts\/76732","targetHints":{"allow":["GET"]}}],"collection":[{"href":"https:\/\/tvtecjundiai.com.br\/news\/wp-json\/wp\/v2\/posts"}],"about":[{"href":"https:\/\/tvtecjundiai.com.br\/news\/wp-json\/wp\/v2\/types\/post"}],"author":[{"embeddable":true,"href":"https:\/\/tvtecjundiai.com.br\/news\/wp-json\/wp\/v2\/users\/28"}],"replies":[{"embeddable":true,"href":"https:\/\/tvtecjundiai.com.br\/news\/wp-json\/wp\/v2\/comments?post=76732"}],"version-history":[{"count":2,"href":"https:\/\/tvtecjundiai.com.br\/news\/wp-json\/wp\/v2\/posts\/76732\/revisions"}],"predecessor-version":[{"id":76743,"href":"https:\/\/tvtecjundiai.com.br\/news\/wp-json\/wp\/v2\/posts\/76732\/revisions\/76743"}],"wp:featuredmedia":[{"embeddable":true,"href":"https:\/\/tvtecjundiai.com.br\/news\/wp-json\/wp\/v2\/media\/76734"}],"wp:attachment":[{"href":"https:\/\/tvtecjundiai.com.br\/news\/wp-json\/wp\/v2\/media?parent=76732"}],"wp:term":[{"taxonomy":"category","embeddable":true,"href":"https:\/\/tvtecjundiai.com.br\/news\/wp-json\/wp\/v2\/categories?post=76732"},{"taxonomy":"post_tag","embeddable":true,"href":"https:\/\/tvtecjundiai.com.br\/news\/wp-json\/wp\/v2\/tags?post=76732"}],"curies":[{"name":"wp","href":"https:\/\/api.w.org\/{rel}","templated":true}]}}