{"id":76737,"date":"2021-05-31T16:14:27","date_gmt":"2021-05-31T19:14:27","guid":{"rendered":"https:\/\/tvtecjundiai.com.br\/news\/?p=76737"},"modified":"2021-05-31T16:14:27","modified_gmt":"2021-05-31T19:14:27","slug":"chuva-de-granizos-deixa-estrago-em-varias-regioes-de-jundiai","status":"publish","type":"post","link":"https:\/\/tvtecjundiai.com.br\/news\/2021\/05\/31\/chuva-de-granizos-deixa-estrago-em-varias-regioes-de-jundiai\/","title":{"rendered":"Chuva de granizos deixa estrago em v\u00e1rias regi\u00f5es de Jundia\u00ed"},"content":{"rendered":"\n<p>A chuva deste domingo (30) em Jundia\u00ed provocou estragos em v\u00e1rios pontos da cidade. No bairro Eloy Chaves, o morador Joelito Santos registrou a for\u00e7a com que as pedras de gelo atingiram a janela da casa dele, quebrando todos os vidros. O vento atingiu 60 quil\u00f4metros por hora, mas ningu\u00e9m ficou ferido. <\/p>\n\n\n\n<p>O morador do Retiro, Celso Luis Cipriano Junior, estava no bairro Eloy Chaves no momento da chuva e teve o ve\u00edculo danificado por conta do granizo. &#8220;Foi tudo muito r\u00e1pido, quando olhei para fora j\u00e1 estava caindo muitas pedras, uma maior que a outra, tentei correr pra cobrir o carro com algumas coisas, mas n\u00e3o dava, pois as pedras caiam com muita for\u00e7a que chegaram a machucar. Na hora deu medo, pois nunca vi uma chuva dessa t\u00e3o forte&#8221;, relata.<\/p>\n\n\n\n<p>A chuva de granizo deixou ruas cobertas de gelo, mudando o cen\u00e1rio da cidade no interior paulista. Segundo a Defesa Civil, n\u00e3o houve feridos, mas foram registrados danos em produ\u00e7\u00f5es rurais e nos telhados de 20 casas.<\/p>\n\n\n\n<p>Em nota, o \u00f3rg\u00e3o informou que os pluvi\u00f4metros instalados na regi\u00e3o da Vila Graff, pr\u00f3ximos ao Rio Jundia\u00ed, registraram 13.4 mil\u00edmetros de chuva. Na regi\u00e3o do Santa Gertrudes foram 8.4 mil\u00edmetros e na regi\u00e3o do Jardim Florestal 6.4 mil\u00edmetros. J\u00e1 na Fazenda Grande foi registrado 1 mil\u00edmetro.<\/p>\n\n\n\n<p>Houve quedas de \u00e1rvores na regi\u00e3o da Rua do Retiro, Rua Bom Jesus de Pirapora, dos bairros \u00c1gua Doce, Jardim Paulista, Jardim Ermida e Jardim Pacaembu, que est\u00e3o sendo removidas pelas equipes da Unidade de Gest\u00e3o de Infraestrutura e Servi\u00e7os P\u00fablicos.<\/p>\n\n\n\n<figure class=\"wp-block-gallery columns-1 is-cropped wp-block-gallery-1 is-layout-flex wp-block-gallery-is-layout-flex\"><ul class=\"blocks-gallery-grid\"><li class=\"blocks-gallery-item\"><figure><img loading=\"lazy\" decoding=\"async\" width=\"984\" height=\"736\" src=\"https:\/\/tvtecjundiai.com.br\/news\/wp-content\/uploads\/sites\/2\/2021\/05\/whatsapp-image-2021-05-31-at-07.42.04.jpeg\" alt=\"\" data-id=\"76738\" data-full-url=\"https:\/\/tvtecjundiai.com.br\/news\/wp-content\/uploads\/sites\/2\/2021\/05\/whatsapp-image-2021-05-31-at-07.42.04.jpeg\" data-link=\"https:\/\/tvtecjundiai.com.br\/news\/?attachment_id=76738\" class=\"wp-image-76738\" srcset=\"https:\/\/tvtecjundiai.com.br\/news\/wp-content\/uploads\/sites\/2\/2021\/05\/whatsapp-image-2021-05-31-at-07.42.04.jpeg 984w, https:\/\/tvtecjundiai.com.br\/news\/wp-content\/uploads\/sites\/2\/2021\/05\/whatsapp-image-2021-05-31-at-07.42.04-300x224.jpeg 300w, https:\/\/tvtecjundiai.com.br\/news\/wp-content\/uploads\/sites\/2\/2021\/05\/whatsapp-image-2021-05-31-at-07.42.04-768x574.jpeg 768w\" sizes=\"auto, (max-width: 984px) 100vw, 984px\" \/><\/figure><\/li><\/ul><figcaption class=\"blocks-gallery-caption\">Pedras de gelo quebraram janela de morador no Eloy Chaves<\/figcaption><\/figure>\n\n\n\n<p><em>(Texto: G1 e TVTEC\/Imagem: Arquivo pessoal)<\/em><\/p>\n","protected":false},"excerpt":{"rendered":"<p>Moradores tiveram janelas e carros danificados pelo granizo<\/p>\n","protected":false},"author":28,"featured_media":76738,"comment_status":"closed","ping_status":"closed","sticky":false,"template":"","format":"standard","meta":{"footnotes":""},"categories":[8356,1],"tags":[],"class_list":["post-76737","post","type-post","status-publish","format-standard","has-post-thumbnail","hentry","category-jundiai","category-noticias"],"_links":{"self":[{"href":"https:\/\/tvtecjundiai.com.br\/news\/wp-json\/wp\/v2\/posts\/76737","targetHints":{"allow":["GET"]}}],"collection":[{"href":"https:\/\/tvtecjundiai.com.br\/news\/wp-json\/wp\/v2\/posts"}],"about":[{"href":"https:\/\/tvtecjundiai.com.br\/news\/wp-json\/wp\/v2\/types\/post"}],"author":[{"embeddable":true,"href":"https:\/\/tvtecjundiai.com.br\/news\/wp-json\/wp\/v2\/users\/28"}],"replies":[{"embeddable":true,"href":"https:\/\/tvtecjundiai.com.br\/news\/wp-json\/wp\/v2\/comments?post=76737"}],"version-history":[{"count":1,"href":"https:\/\/tvtecjundiai.com.br\/news\/wp-json\/wp\/v2\/posts\/76737\/revisions"}],"predecessor-version":[{"id":76739,"href":"https:\/\/tvtecjundiai.com.br\/news\/wp-json\/wp\/v2\/posts\/76737\/revisions\/76739"}],"wp:featuredmedia":[{"embeddable":true,"href":"https:\/\/tvtecjundiai.com.br\/news\/wp-json\/wp\/v2\/media\/76738"}],"wp:attachment":[{"href":"https:\/\/tvtecjundiai.com.br\/news\/wp-json\/wp\/v2\/media?parent=76737"}],"wp:term":[{"taxonomy":"category","embeddable":true,"href":"https:\/\/tvtecjundiai.com.br\/news\/wp-json\/wp\/v2\/categories?post=76737"},{"taxonomy":"post_tag","embeddable":true,"href":"https:\/\/tvtecjundiai.com.br\/news\/wp-json\/wp\/v2\/tags?post=76737"}],"curies":[{"name":"wp","href":"https:\/\/api.w.org\/{rel}","templated":true}]}}