{"id":76740,"date":"2021-05-31T16:26:00","date_gmt":"2021-05-31T19:26:00","guid":{"rendered":"https:\/\/tvtecjundiai.com.br\/news\/?p=76740"},"modified":"2021-05-31T16:29:43","modified_gmt":"2021-05-31T19:29:43","slug":"campanha-salve-fernandinha-bate-seu-primeiro-milhao-e-recebe-apoio-de-famosos","status":"publish","type":"post","link":"https:\/\/tvtecjundiai.com.br\/news\/2021\/05\/31\/campanha-salve-fernandinha-bate-seu-primeiro-milhao-e-recebe-apoio-de-famosos\/","title":{"rendered":"Campanha #SalveFernandinha bate seu primeiro milh\u00e3o e recebe apoio de famosos"},"content":{"rendered":"\n<p>A paciente Fernanda Manzutti da Rocha, de 11 anos, e a fam\u00edlia buscam na internet a ajuda para tentarem superar a Leucemia Linf\u00f3ide Aguda (LLA). A campanha \u201cSalve a Fernandinha\u201d pretende arrecadar R$ 8 milh\u00f5es para custear um tratamento nos Estados Unidos.<\/p>\n\n\n\n<p>Ao G1, a m\u00e3e, Melissa Manzutti de Freitas, contou que o c\u00e2ncer atinge o sistema imunol\u00f3gico e a medula \u00f3ssea da crian\u00e7a e que uma terapia gen\u00e9tica, a CAR T-Cell, pode ser a esperan\u00e7a da filha.<\/p>\n\n\n\n<p>\u201cO grande problema \u00e9 que todo o tratamento e custos no exterior custam em torno de 1,5 milh\u00e3o de d\u00f3lares. Olhando nossa filha morrendo um pouco a cada dia, sem ter os recursos para tentar a terapia, que veio a ideia da mobiliza\u00e7\u00e3o de recursos atrav\u00e9s de uma s\u00e9ria campanha. O c\u00e2ncer n\u00e3o espera. Quanto vale a vida de um filho?\u201d, disse.<\/p>\n\n\n\n<p>A terapia CAR T-Cell consiste em habilitar linf\u00f3citos T, c\u00e9lulas de defesa do corpo. Elas s\u00e3o injetadas depois que s\u00e3o modificadas para rastrear e matar as c\u00e9lulas tumorais.<\/p>\n\n\n\n<p>A fam\u00edlia montou uma vaquinha online e tamb\u00e9m criou um perfil no Instagram para informar aos apoiadores sobre a situa\u00e7\u00e3o. Mais de mil pessoas colaboraram com a causa at\u00e9 a noite de sexta-feira (28).<\/p>\n\n\n\n<p>\u201cMinha filha sempre foi uma menina cheia de sa\u00fade, sempre me impressionou nela a vontade de viver\u201d, contou.<\/p>\n\n\n\n<p>O diagn\u00f3stico da doen\u00e7a da moradora de Jundia\u00ed foi em fevereiro de 2020. Segundo Mirella, desde dezembro de 2019 a crian\u00e7a apresentava dores nas pernas, mas fazia ballet, jazz e nata\u00e7\u00e3o. Os pais acharam que seriam situa\u00e7\u00f5es comuns.<\/p>\n\n\n\n<p>Em fevereiro daquele ano as dores se intensificaram e come\u00e7aram as idas aos Pronto Atendimentos e consultas na cidade.<\/p>\n\n\n\n<p>\u201cFicou internada a base de morfina. Estes dias foram muito dif\u00edceis, at\u00e9 que em 17 de fevereiro de 2020 recebemos a not\u00edcia\u201d, recorda.<\/p>\n\n\n\n<h2 class=\"wp-block-heading\">L\u00e1grimas secas e mangas dobradas<\/h2>\n\n\n\n<p>Conforme a m\u00e3e, com a possibilidade de cura, logo foi iniciado o tratamento com quimioterapia. A menina precisou se ausentar da escola, dan\u00e7a, da nata\u00e7\u00e3o e o conv\u00edvio com amigos.<\/p>\n\n\n\n<p>Em novembro de 2020, um exame apontou que a doen\u00e7a havia voltado ainda durante o tratamento. Naquele tempo, os pais foram informados que as doses de quimioterapia aumentariam e teria que ser feito o transplante de medula \u00f3ssea.<\/p>\n\n\n\n<p>Em fevereiro daquele ano as dores se intensificaram e come\u00e7aram as idas aos Pronto Atendimentos e consultas na cidade.<\/p>\n\n\n\n<p>\u201cFicou internada a base de morfina. Estes dias foram muito dif\u00edceis, at\u00e9 que em 17 de fevereiro de 2020 recebemos a not\u00edcia\u201d, recorda.<\/p>\n\n\n\n<h2 class=\"wp-block-heading\">L\u00e1grimas secas e mangas dobradas<\/h2>\n\n\n\n<p>Conforme a m\u00e3e, com a possibilidade de cura, logo foi iniciado o tratamento com quimioterapia. A menina precisou se ausentar da escola, dan\u00e7a, da nata\u00e7\u00e3o e o conv\u00edvio com amigos.<\/p>\n\n\n\n<p>Em novembro de 2020, um exame apontou que a doen\u00e7a havia voltado ainda durante o tratamento. Naquele tempo, os pais foram informados que as doses de quimioterapia aumentariam e teria que ser feito o transplante de medula \u00f3ssea.<\/p>\n\n\n\n<p>\u201cIniciamos desde o fim de 2020 uma campanha para achar um doador 100% compat\u00edvel e n\u00e3o conseguimos.\u201d<\/p>\n\n\n\n<p>A equipe, ent\u00e3o, decidiu que faria com um doador familiar, o irm\u00e3o mais novo. No entanto, para fazer o transplante a paciente precisaria estar com a doen\u00e7a em remiss\u00e3o, segundo a m\u00e3e.<\/p>\n\n\n\n<p>\u201cNeste momento, quando as possibilidades nacionais esgotaram-se, os m\u00e9dicos nos chamaram e disseram que t\u00ednhamos duas possibilidades: um tratamento revolucion\u00e1rio de terapia gen\u00e9tica n\u00e3o dispon\u00edvel aqui no Brasil ou deixar a Fer tratando paliativamente.\u201d<\/p>\n\n\n\n<p>A hist\u00f3ria chegou a famosos pelo pa\u00eds, que compartilham o caso nas redes sociais. Carolina Dieckmann, o t\u00e9cnico de v\u00f4lei Bernardinho e o sertanejo Mariano se engajaram.<\/p>\n\n\n\n<p>\u201cEstou aqui para fazer uma convoca\u00e7\u00e3o a todos aqueles que puderem ajudar\u201d, disse Bernardinho.<\/p>\n\n\n\n<p><em>(Texto\/Imagem: G1)<\/em><\/p>\n","protected":false},"excerpt":{"rendered":"<p>Campanha recebeu apoio de famosos como Kak\u00e1, Zez\u00e9 de Camargo, Daniel, Deborah Secco e Carolina Dieckmann<\/p>\n","protected":false},"author":28,"featured_media":76741,"comment_status":"closed","ping_status":"closed","sticky":false,"template":"","format":"standard","meta":{"footnotes":""},"categories":[8356,1],"tags":[],"class_list":["post-76740","post","type-post","status-publish","format-standard","has-post-thumbnail","hentry","category-jundiai","category-noticias"],"_links":{"self":[{"href":"https:\/\/tvtecjundiai.com.br\/news\/wp-json\/wp\/v2\/posts\/76740","targetHints":{"allow":["GET"]}}],"collection":[{"href":"https:\/\/tvtecjundiai.com.br\/news\/wp-json\/wp\/v2\/posts"}],"about":[{"href":"https:\/\/tvtecjundiai.com.br\/news\/wp-json\/wp\/v2\/types\/post"}],"author":[{"embeddable":true,"href":"https:\/\/tvtecjundiai.com.br\/news\/wp-json\/wp\/v2\/users\/28"}],"replies":[{"embeddable":true,"href":"https:\/\/tvtecjundiai.com.br\/news\/wp-json\/wp\/v2\/comments?post=76740"}],"version-history":[{"count":2,"href":"https:\/\/tvtecjundiai.com.br\/news\/wp-json\/wp\/v2\/posts\/76740\/revisions"}],"predecessor-version":[{"id":76748,"href":"https:\/\/tvtecjundiai.com.br\/news\/wp-json\/wp\/v2\/posts\/76740\/revisions\/76748"}],"wp:featuredmedia":[{"embeddable":true,"href":"https:\/\/tvtecjundiai.com.br\/news\/wp-json\/wp\/v2\/media\/76741"}],"wp:attachment":[{"href":"https:\/\/tvtecjundiai.com.br\/news\/wp-json\/wp\/v2\/media?parent=76740"}],"wp:term":[{"taxonomy":"category","embeddable":true,"href":"https:\/\/tvtecjundiai.com.br\/news\/wp-json\/wp\/v2\/categories?post=76740"},{"taxonomy":"post_tag","embeddable":true,"href":"https:\/\/tvtecjundiai.com.br\/news\/wp-json\/wp\/v2\/tags?post=76740"}],"curies":[{"name":"wp","href":"https:\/\/api.w.org\/{rel}","templated":true}]}}