{"id":76750,"date":"2021-05-31T16:37:26","date_gmt":"2021-05-31T19:37:26","guid":{"rendered":"https:\/\/tvtecjundiai.com.br\/news\/?p=76750"},"modified":"2021-05-31T16:37:26","modified_gmt":"2021-05-31T19:37:26","slug":"mundo-das-criancas-e-parque-da-cidade-abrem-no-feriado-de-corpus-christi","status":"publish","type":"post","link":"https:\/\/tvtecjundiai.com.br\/news\/2021\/05\/31\/mundo-das-criancas-e-parque-da-cidade-abrem-no-feriado-de-corpus-christi\/","title":{"rendered":"Mundo das Crian\u00e7as e Parque da Cidade abrem no feriado de Corpus Christi"},"content":{"rendered":"\n<p>Recentemente liberado para utiliza\u00e7\u00e3o do p\u00fablico, o Mundo das Crian\u00e7as \u00e9 uma op\u00e7\u00e3o gratuita de passeio para o feriado de Corpus Christi. O espa\u00e7o localizado bem ao lado do Parque da Cidade \u2013 sendo as duas \u00e1reas administradas pela DAE Jundia\u00ed -, estar\u00e1 aberto durante todos os dias no feriado prolongado, das 7 \u00e0s 17 horas, com fechamento dos port\u00f5es \u00e0s 16 horas.<\/p>\n\n\n\n<p>Em fun\u00e7\u00e3o das medidas de preven\u00e7\u00e3o \u00e0 COVID-19, \u00e9 necess\u00e1rio o uso de m\u00e1scara durante todo o tempo de perman\u00eancia no espa\u00e7o.<\/p>\n\n\n\n<p>As quadras de esportes coletivos e a parte superior da casa da \u00e1rvore \u2013 um dos s\u00edmbolos do Mundo \u2013 est\u00e3o interditadas para evitar aglomera\u00e7\u00e3o de pessoas. As demais atra\u00e7\u00f5es, como o foguete, os escorregadores, as fontes interativas, as paredes de escaladas, as quadras de t\u00eanis, ciclovia e os bosques est\u00e3o totalmente liberadas para uso.<\/p>\n\n\n\n<p>Os sanit\u00e1rios do Mundo est\u00e3o funcionando normalmente, mas por recomenda\u00e7\u00f5es em fun\u00e7\u00e3o da pandemia, os bebedouros e a lanchonete seguem fechados, por isso, cada visitante deve ter sua pr\u00f3pria garrafinha de \u00e1gua e lanche suficiente para o tempo que durar a visita.<\/p>\n\n\n\n<p>Outra recomenda\u00e7\u00e3o importante \u00e9 que as crian\u00e7as usem bon\u00e9 e protetor solar durante as brincadeiras, assim como tenham \u00e0 m\u00e3o toalha e uma troca de roupa, para poderem brincar \u00e0 vontade nas fontes interativas.<\/p>\n\n\n\n<figure class=\"wp-block-gallery columns-1 is-cropped wp-block-gallery-1 is-layout-flex wp-block-gallery-is-layout-flex\"><ul class=\"blocks-gallery-grid\"><li class=\"blocks-gallery-item\"><figure><img loading=\"lazy\" decoding=\"async\" width=\"1200\" height=\"581\" src=\"https:\/\/tvtecjundiai.com.br\/news\/wp-content\/uploads\/sites\/2\/2021\/05\/panorama_sem-titulo-1-1200x581.jpg\" alt=\"\" data-id=\"76751\" data-full-url=\"https:\/\/tvtecjundiai.com.br\/news\/wp-content\/uploads\/sites\/2\/2021\/05\/panorama_sem-titulo-1.jpg\" data-link=\"https:\/\/tvtecjundiai.com.br\/news\/?attachment_id=76751\" class=\"wp-image-76751\" srcset=\"https:\/\/tvtecjundiai.com.br\/news\/wp-content\/uploads\/sites\/2\/2021\/05\/panorama_sem-titulo-1-1200x581.jpg 1200w, https:\/\/tvtecjundiai.com.br\/news\/wp-content\/uploads\/sites\/2\/2021\/05\/panorama_sem-titulo-1-300x145.jpg 300w, https:\/\/tvtecjundiai.com.br\/news\/wp-content\/uploads\/sites\/2\/2021\/05\/panorama_sem-titulo-1-768x372.jpg 768w, https:\/\/tvtecjundiai.com.br\/news\/wp-content\/uploads\/sites\/2\/2021\/05\/panorama_sem-titulo-1.jpg 1280w\" sizes=\"auto, (max-width: 1200px) 100vw, 1200px\" \/><\/figure><\/li><\/ul><figcaption class=\"blocks-gallery-caption\">Mundos das Crian\u00e7as \u00e9 uma op\u00e7\u00e3o gratuita de passeio neste feriado de Corpus Christi<\/figcaption><\/figure>\n\n\n\n<p><strong>Parque da Cidade<\/strong><\/p>\n\n\n\n<p>Assim como o Mundo, o Parque da Cidade tamb\u00e9m permanecer\u00e1 aberto durante todos os dias no feriado prolongado, das 7 \u00e0s 17 horas. As quadras de esportes coletivos seguem fechadas para evitar aglomera\u00e7\u00e3o. Est\u00e3o liberadas as pr\u00e1ticas de atividades individuais como caminhada, corrida, ciclismo, academia ao ar livre e playground.<\/p>\n\n\n\n<p>O Centro N\u00e1utico tamb\u00e9m est\u00e1 aberto, mas somente para quem possui equipamento pr\u00f3prio, assim como as pistas de aeromodelismo e automodelismo.<\/p>\n\n\n\n<p>O uso de m\u00e1scara facial tamb\u00e9m \u00e9 obrigat\u00f3rio durante todo o tempo de perman\u00eancia no Parque. E, com os bebedouros desativados e as lanchonetes fechadas, cada visitante deve levar sua pr\u00f3pria garrafinha de \u00e1gua. Vale lembrar que piqueniques est\u00e3o liberados, mas apenas para grupos reduzidos de pessoas.&nbsp;<\/p>\n\n\n\n<p>O aluguel de bicicletas do Programa de Esportes e Atividades Motoras Adaptadas (Peama) tamb\u00e9m funcionar\u00e1 de quinta a domingo, das 9 \u00e0s 15 horas. O valor por hora do aluguel de bicicleta comum \u00e9 R$ 6; e a bicicleta dupla, R$ 12. Para o pagamento deve ser priorizado o cart\u00e3o de d\u00e9bito.<\/p>\n\n\n\n<p><strong>Servi\u00e7o:<\/strong><\/p>\n\n\n\n<p>Ambos localizados na Rodovia Jo\u00e3o Cereser, Pinheirinho, em Jundia\u00ed, tanto o\u00a0<strong>Mundo das Crian\u00e7as<\/strong>\u00a0(no km 64,4), quanto o\u00a0<strong>Parque da Cidade<\/strong>\u00a0(no km 66) t\u00eam entrada e estacionamentos gratuitos.<\/p>\n\n\n\n<p><em>(Texto\/Imagem: Prefeitura de Jundia\u00ed)<\/em><\/p>\n","protected":false},"excerpt":{"rendered":"<p>Em fun\u00e7\u00e3o das medidas de preven\u00e7\u00e3o \u00e0 COVID-19, \u00e9 necess\u00e1rio o uso de m\u00e1scara<\/p>\n","protected":false},"author":28,"featured_media":76751,"comment_status":"closed","ping_status":"closed","sticky":false,"template":"","format":"standard","meta":{"footnotes":""},"categories":[8356,1],"tags":[],"class_list":["post-76750","post","type-post","status-publish","format-standard","has-post-thumbnail","hentry","category-jundiai","category-noticias"],"_links":{"self":[{"href":"https:\/\/tvtecjundiai.com.br\/news\/wp-json\/wp\/v2\/posts\/76750","targetHints":{"allow":["GET"]}}],"collection":[{"href":"https:\/\/tvtecjundiai.com.br\/news\/wp-json\/wp\/v2\/posts"}],"about":[{"href":"https:\/\/tvtecjundiai.com.br\/news\/wp-json\/wp\/v2\/types\/post"}],"author":[{"embeddable":true,"href":"https:\/\/tvtecjundiai.com.br\/news\/wp-json\/wp\/v2\/users\/28"}],"replies":[{"embeddable":true,"href":"https:\/\/tvtecjundiai.com.br\/news\/wp-json\/wp\/v2\/comments?post=76750"}],"version-history":[{"count":1,"href":"https:\/\/tvtecjundiai.com.br\/news\/wp-json\/wp\/v2\/posts\/76750\/revisions"}],"predecessor-version":[{"id":76752,"href":"https:\/\/tvtecjundiai.com.br\/news\/wp-json\/wp\/v2\/posts\/76750\/revisions\/76752"}],"wp:featuredmedia":[{"embeddable":true,"href":"https:\/\/tvtecjundiai.com.br\/news\/wp-json\/wp\/v2\/media\/76751"}],"wp:attachment":[{"href":"https:\/\/tvtecjundiai.com.br\/news\/wp-json\/wp\/v2\/media?parent=76750"}],"wp:term":[{"taxonomy":"category","embeddable":true,"href":"https:\/\/tvtecjundiai.com.br\/news\/wp-json\/wp\/v2\/categories?post=76750"},{"taxonomy":"post_tag","embeddable":true,"href":"https:\/\/tvtecjundiai.com.br\/news\/wp-json\/wp\/v2\/tags?post=76750"}],"curies":[{"name":"wp","href":"https:\/\/api.w.org\/{rel}","templated":true}]}}