{"id":76757,"date":"2021-05-31T18:25:24","date_gmt":"2021-05-31T21:25:24","guid":{"rendered":"https:\/\/tvtecjundiai.com.br\/news\/?p=76757"},"modified":"2021-05-31T18:25:24","modified_gmt":"2021-05-31T21:25:24","slug":"jundiai-recebe-mais-10-mil-doses-de-vacinas-contra-covid-19-nesta-terca-feira-1","status":"publish","type":"post","link":"https:\/\/tvtecjundiai.com.br\/news\/2021\/05\/31\/jundiai-recebe-mais-10-mil-doses-de-vacinas-contra-covid-19-nesta-terca-feira-1\/","title":{"rendered":"Jundia\u00ed recebe mais 10 mil doses de vacinas contra COVID-19 nesta ter\u00e7a-feira (1)"},"content":{"rendered":"\n<p>Nesta ter\u00e7a-feira (1), Jundia\u00ed receber\u00e1 10.820 doses de vacinas contra a COVID-19, destinadas para a primeira dose de pessoas com comorbidades que tenham idade igual ou superior a 30 anos e pessoas que recebam Benef\u00edcio de Presta\u00e7\u00e3o Continuada (BPC) com idade de 30 anos ou mais. O agendamento para o primeiro grupo ser\u00e1 feito por meios eletr\u00f4nicos (site da Prefeitura de Jundia\u00ed ou APP Jundia\u00ed) e liberado nesta quarta-feira (2), \u00e0s 11h.<\/p>\n\n\n\n<p>De acordo com a enfermeira coordenadora da Vigil\u00e2ncia Epidemiol\u00f3gica (VE) da Unidade de Gest\u00e3o de Promo\u00e7\u00e3o da Sa\u00fade (UGPS), Maria do Carmo Possidente, esta ser\u00e1 a 27\u00aa grade de vacinas entregue \u00e0 cidade. \u201cA retirada ser\u00e1 feita em Campinas, no Departamento Regional de Sa\u00fade (DRS), assim como tem sido feito nas demais entregas. O agendamento estar\u00e1 dispon\u00edvel a partir de quarta-feira (2) para ambos os grupos, cada um no seu servi\u00e7o, seja virtual para as pessoas com comorbidades, ou diretamente na UBS para quem recebe BPC\u201d, comenta.<\/p>\n\n\n\n<figure class=\"wp-block-gallery columns-1 is-cropped wp-block-gallery-1 is-layout-flex wp-block-gallery-is-layout-flex\"><ul class=\"blocks-gallery-grid\"><li class=\"blocks-gallery-item\"><figure><img loading=\"lazy\" decoding=\"async\" width=\"1200\" height=\"800\" src=\"https:\/\/tvtecjundiai.com.br\/news\/wp-content\/uploads\/sites\/2\/2021\/05\/vacinacao_60_65_parque_da_uva-52-1200x800.jpg\" alt=\"\" data-id=\"76758\" data-full-url=\"https:\/\/tvtecjundiai.com.br\/news\/wp-content\/uploads\/sites\/2\/2021\/05\/vacinacao_60_65_parque_da_uva-52.jpg\" data-link=\"https:\/\/tvtecjundiai.com.br\/news\/?attachment_id=76758\" class=\"wp-image-76758\" srcset=\"https:\/\/tvtecjundiai.com.br\/news\/wp-content\/uploads\/sites\/2\/2021\/05\/vacinacao_60_65_parque_da_uva-52-1200x800.jpg 1200w, https:\/\/tvtecjundiai.com.br\/news\/wp-content\/uploads\/sites\/2\/2021\/05\/vacinacao_60_65_parque_da_uva-52-300x200.jpg 300w, https:\/\/tvtecjundiai.com.br\/news\/wp-content\/uploads\/sites\/2\/2021\/05\/vacinacao_60_65_parque_da_uva-52-768x512.jpg 768w, https:\/\/tvtecjundiai.com.br\/news\/wp-content\/uploads\/sites\/2\/2021\/05\/vacinacao_60_65_parque_da_uva-52.jpg 1280w\" sizes=\"auto, (max-width: 1200px) 100vw, 1200px\" \/><\/figure><\/li><\/ul><figcaption class=\"blocks-gallery-caption\">Vacinas para pessoas a partir de 30 anos com comorbidades e BPC com 30 anos ou mais ser\u00e1 entregue para Jundia\u00ed, nesta ter\u00e7a-feira (1)<\/figcaption><\/figure>\n\n\n\n<p>\u00c9 essencial que as pessoas se atentem \u00e0s documenta\u00e7\u00f5es necess\u00e1rias para o atendimento. Quem possui comorbidades deve apresentar documento que comprove a patologia, \u2013 que pode ser receita m\u00e9dica ou relat\u00f3rio m\u00e9dico com CRM leg\u00edvel (constar CID ou descri\u00e7\u00e3o da doen\u00e7a correspondente) -, al\u00e9m de CPF, comprovante de endere\u00e7o e documento com foto. Pacientes oncol\u00f3gicos e demais pacientes imunossuprimidos dever\u00e3o apresentar obrigatoriamente a prescri\u00e7\u00e3o m\u00e9dica no dia da vacina\u00e7\u00e3o. J\u00e1 quem recebe BPC deve apresentar os comprovantes do cadastro no Programa de Benef\u00edcio Continuado, do recebimento do benef\u00edcio, de resid\u00eancia, CPF e documento com foto.<\/p>\n\n\n\n<p><em>(Texto\/Imagem: Prefeitura de Jundia\u00ed)<\/em><\/p>\n","protected":false},"excerpt":{"rendered":"<p>Agendamento ser\u00e1 aberto na quarta-feira (2)<\/p>\n","protected":false},"author":28,"featured_media":76758,"comment_status":"closed","ping_status":"closed","sticky":false,"template":"","format":"standard","meta":{"footnotes":""},"categories":[1],"tags":[],"class_list":["post-76757","post","type-post","status-publish","format-standard","has-post-thumbnail","hentry","category-noticias"],"_links":{"self":[{"href":"https:\/\/tvtecjundiai.com.br\/news\/wp-json\/wp\/v2\/posts\/76757","targetHints":{"allow":["GET"]}}],"collection":[{"href":"https:\/\/tvtecjundiai.com.br\/news\/wp-json\/wp\/v2\/posts"}],"about":[{"href":"https:\/\/tvtecjundiai.com.br\/news\/wp-json\/wp\/v2\/types\/post"}],"author":[{"embeddable":true,"href":"https:\/\/tvtecjundiai.com.br\/news\/wp-json\/wp\/v2\/users\/28"}],"replies":[{"embeddable":true,"href":"https:\/\/tvtecjundiai.com.br\/news\/wp-json\/wp\/v2\/comments?post=76757"}],"version-history":[{"count":1,"href":"https:\/\/tvtecjundiai.com.br\/news\/wp-json\/wp\/v2\/posts\/76757\/revisions"}],"predecessor-version":[{"id":76759,"href":"https:\/\/tvtecjundiai.com.br\/news\/wp-json\/wp\/v2\/posts\/76757\/revisions\/76759"}],"wp:featuredmedia":[{"embeddable":true,"href":"https:\/\/tvtecjundiai.com.br\/news\/wp-json\/wp\/v2\/media\/76758"}],"wp:attachment":[{"href":"https:\/\/tvtecjundiai.com.br\/news\/wp-json\/wp\/v2\/media?parent=76757"}],"wp:term":[{"taxonomy":"category","embeddable":true,"href":"https:\/\/tvtecjundiai.com.br\/news\/wp-json\/wp\/v2\/categories?post=76757"},{"taxonomy":"post_tag","embeddable":true,"href":"https:\/\/tvtecjundiai.com.br\/news\/wp-json\/wp\/v2\/tags?post=76757"}],"curies":[{"name":"wp","href":"https:\/\/api.w.org\/{rel}","templated":true}]}}