{"id":76760,"date":"2021-05-31T18:34:35","date_gmt":"2021-05-31T21:34:35","guid":{"rendered":"https:\/\/tvtecjundiai.com.br\/news\/?p=76760"},"modified":"2021-05-31T18:34:35","modified_gmt":"2021-05-31T21:34:35","slug":"jundiai-implementa-agendamento-automatico-de-2a-dose-de-vacina-covid-19","status":"publish","type":"post","link":"https:\/\/tvtecjundiai.com.br\/news\/2021\/05\/31\/jundiai-implementa-agendamento-automatico-de-2a-dose-de-vacina-covid-19\/","title":{"rendered":"Jundia\u00ed implementa agendamento autom\u00e1tico de 2\u00aa dose de vacina COVID-19"},"content":{"rendered":"\n<p>Com a organiza\u00e7\u00e3o proporcionada pelo sistema de agendamento realizado pela Prefeitura de Jundia\u00ed desde o in\u00edcio da vacina\u00e7\u00e3o contra a COVID-19, a Unidade de Gest\u00e3o de Promo\u00e7\u00e3o da Sa\u00fade (UGPS) adota nova facilidade para o atendimento da popula\u00e7\u00e3o: o agendamento da segunda dose automaticamente. Desde o dia 17 de maio, as pessoas com comorbidades que recebem a primeira dose de vacina contra o Novo Coronav\u00edrus saem com o comprovante e um aviso sobre a data e hor\u00e1rio do retorno para a segunda aplica\u00e7\u00e3o.<\/p>\n\n\n\n<p>\u201cA inten\u00e7\u00e3o \u00e9 facilitar ainda mais o processo para a vacina\u00e7\u00e3o para a popula\u00e7\u00e3o. No mesmo hor\u00e1rio e local onde foi feita a primeira aplica\u00e7\u00e3o, a pessoa dever\u00e1 buscar pela segunda dose na data especificada no aviso anexo ao comprovante de vacina\u00e7\u00e3o\u201d, detalha o gestor da UGPS, Tiago Texera.<\/p>\n\n\n\n<figure class=\"wp-block-gallery columns-1 is-cropped wp-block-gallery-1 is-layout-flex wp-block-gallery-is-layout-flex\"><ul class=\"blocks-gallery-grid\"><li class=\"blocks-gallery-item\"><figure><img loading=\"lazy\" decoding=\"async\" width=\"1200\" height=\"800\" src=\"https:\/\/tvtecjundiai.com.br\/news\/wp-content\/uploads\/sites\/2\/2021\/05\/vacinacao-covid-19-de-45-mais-comorbidade-na-igreja-colonia_c_-39-1200x800.jpg\" alt=\"\" data-id=\"76761\" data-full-url=\"https:\/\/tvtecjundiai.com.br\/news\/wp-content\/uploads\/sites\/2\/2021\/05\/vacinacao-covid-19-de-45-mais-comorbidade-na-igreja-colonia_c_-39.jpg\" data-link=\"https:\/\/tvtecjundiai.com.br\/news\/?attachment_id=76761\" class=\"wp-image-76761\" srcset=\"https:\/\/tvtecjundiai.com.br\/news\/wp-content\/uploads\/sites\/2\/2021\/05\/vacinacao-covid-19-de-45-mais-comorbidade-na-igreja-colonia_c_-39-1200x800.jpg 1200w, https:\/\/tvtecjundiai.com.br\/news\/wp-content\/uploads\/sites\/2\/2021\/05\/vacinacao-covid-19-de-45-mais-comorbidade-na-igreja-colonia_c_-39-300x200.jpg 300w, https:\/\/tvtecjundiai.com.br\/news\/wp-content\/uploads\/sites\/2\/2021\/05\/vacinacao-covid-19-de-45-mais-comorbidade-na-igreja-colonia_c_-39-768x512.jpg 768w, https:\/\/tvtecjundiai.com.br\/news\/wp-content\/uploads\/sites\/2\/2021\/05\/vacinacao-covid-19-de-45-mais-comorbidade-na-igreja-colonia_c_-39.jpg 1231w\" sizes=\"auto, (max-width: 1200px) 100vw, 1200px\" \/><\/figure><\/li><\/ul><figcaption class=\"blocks-gallery-caption\">Agendamento para segunda dose passa a ser feito automaticamente<\/figcaption><\/figure>\n\n\n\n<p>A nova sistem\u00e1tica foi iniciada com a aplica\u00e7\u00e3o para os grupos Comorbidades 50+, Profissional de Sa\u00fade em estabelecimentos, Profissionais de Sa\u00fade 40+ e profissionais de apoio 40+, Gestantes e Pu\u00e9rperas com comorbidades<br>Comorbidades 45+, Estagi\u00e1rios 18+ e Profissionais de sa\u00fade e apoio 30+, que receberam doses em postos fixos, drive-thru e tamb\u00e9m nas Unidades B\u00e1sicas de Sa\u00fade (UBSs).<\/p>\n\n\n\n<p><em>(Texto\/Imagem: Prefeitura de Jundia\u00ed)<\/em><\/p>\n","protected":false},"excerpt":{"rendered":"<p>Inten\u00e7\u00e3o \u00e9 facilitar ainda mais o processo para a vacina\u00e7\u00e3o para a popula\u00e7\u00e3o<\/p>\n","protected":false},"author":28,"featured_media":76761,"comment_status":"closed","ping_status":"closed","sticky":false,"template":"","format":"standard","meta":{"footnotes":""},"categories":[8356,1],"tags":[],"class_list":["post-76760","post","type-post","status-publish","format-standard","has-post-thumbnail","hentry","category-jundiai","category-noticias"],"_links":{"self":[{"href":"https:\/\/tvtecjundiai.com.br\/news\/wp-json\/wp\/v2\/posts\/76760","targetHints":{"allow":["GET"]}}],"collection":[{"href":"https:\/\/tvtecjundiai.com.br\/news\/wp-json\/wp\/v2\/posts"}],"about":[{"href":"https:\/\/tvtecjundiai.com.br\/news\/wp-json\/wp\/v2\/types\/post"}],"author":[{"embeddable":true,"href":"https:\/\/tvtecjundiai.com.br\/news\/wp-json\/wp\/v2\/users\/28"}],"replies":[{"embeddable":true,"href":"https:\/\/tvtecjundiai.com.br\/news\/wp-json\/wp\/v2\/comments?post=76760"}],"version-history":[{"count":1,"href":"https:\/\/tvtecjundiai.com.br\/news\/wp-json\/wp\/v2\/posts\/76760\/revisions"}],"predecessor-version":[{"id":76762,"href":"https:\/\/tvtecjundiai.com.br\/news\/wp-json\/wp\/v2\/posts\/76760\/revisions\/76762"}],"wp:featuredmedia":[{"embeddable":true,"href":"https:\/\/tvtecjundiai.com.br\/news\/wp-json\/wp\/v2\/media\/76761"}],"wp:attachment":[{"href":"https:\/\/tvtecjundiai.com.br\/news\/wp-json\/wp\/v2\/media?parent=76760"}],"wp:term":[{"taxonomy":"category","embeddable":true,"href":"https:\/\/tvtecjundiai.com.br\/news\/wp-json\/wp\/v2\/categories?post=76760"},{"taxonomy":"post_tag","embeddable":true,"href":"https:\/\/tvtecjundiai.com.br\/news\/wp-json\/wp\/v2\/tags?post=76760"}],"curies":[{"name":"wp","href":"https:\/\/api.w.org\/{rel}","templated":true}]}}