{"id":76766,"date":"2021-05-31T18:53:53","date_gmt":"2021-05-31T21:53:53","guid":{"rendered":"https:\/\/tvtecjundiai.com.br\/news\/?p=76766"},"modified":"2021-05-31T18:53:53","modified_gmt":"2021-05-31T21:53:53","slug":"base-movel-na-ponte-sao-joao-e-modelo-a-ser-expandido-para-mais-regioes-de-jundiai","status":"publish","type":"post","link":"https:\/\/tvtecjundiai.com.br\/news\/2021\/05\/31\/base-movel-na-ponte-sao-joao-e-modelo-a-ser-expandido-para-mais-regioes-de-jundiai\/","title":{"rendered":"Base M\u00f3vel na Ponte S\u00e3o Jo\u00e3o \u00e9 modelo a ser expandido para mais regi\u00f5es de Jundia\u00ed"},"content":{"rendered":"\n<p>O prefeito Luiz Fernando Machado esteve, na manh\u00e3 desta segunda-feira (31), no bairro da Ponte S\u00e3o Jo\u00e3o, fiscalizando a opera\u00e7\u00e3o da Base M\u00f3vel da Guarda Municipal, da Prefeitura de Jundia\u00ed. O modelo de atendimento \u2013 que tamb\u00e9m est\u00e1 em funcionamento na regi\u00e3o Central \u2013 ser\u00e1 expandido para mais bairros da cidade, com os investimentos em Seguran\u00e7a previstos pela gest\u00e3o, na ordem de R$ 30 milh\u00f5es.<\/p>\n\n\n\n<p>\u201cA Base M\u00f3vel \u00e9 o modelo mais interessante de expans\u00e3o dos servi\u00e7os da Guarda Municipal para o atendimento \u00e0 popula\u00e7\u00e3o de maneira descentralizada. Este equipamento instalado na Ponte S\u00e3o Jo\u00e3o \u00e9 resultado de emenda parlamentar do deputado Miguel Haddad e ser\u00e1 replicado para mais regi\u00f5es de Jundia\u00ed, com amplia\u00e7\u00e3o de efetivo e de outros investimentos j\u00e1 previstos e planejados pela gest\u00e3o para a Seguran\u00e7a\u201d, comenta o prefeito Luiz Fernando Machado.<\/p>\n\n\n\n<figure class=\"wp-block-gallery columns-1 is-cropped wp-block-gallery-1 is-layout-flex wp-block-gallery-is-layout-flex\"><ul class=\"blocks-gallery-grid\"><li class=\"blocks-gallery-item\"><figure><img loading=\"lazy\" decoding=\"async\" width=\"1200\" height=\"800\" src=\"https:\/\/tvtecjundiai.com.br\/news\/wp-content\/uploads\/sites\/2\/2021\/05\/fiscalizacao_nova_base_movel_ponte_sao_joao-23-1200x800.jpg\" alt=\"\" data-id=\"76767\" data-full-url=\"https:\/\/tvtecjundiai.com.br\/news\/wp-content\/uploads\/sites\/2\/2021\/05\/fiscalizacao_nova_base_movel_ponte_sao_joao-23.jpg\" data-link=\"https:\/\/tvtecjundiai.com.br\/news\/?attachment_id=76767\" class=\"wp-image-76767\" srcset=\"https:\/\/tvtecjundiai.com.br\/news\/wp-content\/uploads\/sites\/2\/2021\/05\/fiscalizacao_nova_base_movel_ponte_sao_joao-23-1200x800.jpg 1200w, https:\/\/tvtecjundiai.com.br\/news\/wp-content\/uploads\/sites\/2\/2021\/05\/fiscalizacao_nova_base_movel_ponte_sao_joao-23-300x200.jpg 300w, https:\/\/tvtecjundiai.com.br\/news\/wp-content\/uploads\/sites\/2\/2021\/05\/fiscalizacao_nova_base_movel_ponte_sao_joao-23-768x512.jpg 768w, https:\/\/tvtecjundiai.com.br\/news\/wp-content\/uploads\/sites\/2\/2021\/05\/fiscalizacao_nova_base_movel_ponte_sao_joao-23.jpg 1280w\" sizes=\"auto, (max-width: 1200px) 100vw, 1200px\" \/><\/figure><\/li><\/ul><figcaption class=\"blocks-gallery-caption\">Prefeito Luiz Fernando Machado esteve na Base M\u00f3vel da GM, na Ponte S\u00e3o Jo\u00e3o, equipamento do Bairro Seguro<\/figcaption><\/figure>\n\n\n\n<p>A corpora\u00e7\u00e3o receber\u00e1 investimentos em v\u00e1rias frentes, na ordem de R$ 30 milh\u00f5es para a descentraliza\u00e7\u00e3o do atendimento, com a constru\u00e7\u00e3o da nova sede e do novo canil.<\/p>\n\n\n\n<p>Moradora no bairro h\u00e1 mais de 30 anos, Guilhermina de Rosa Ferreira est\u00e1 satisfeita com o servi\u00e7o. \u201cA regi\u00e3o conta com muitas pessoas que ficam circulando por aqui e realizando furtos. Eu quase fui roubada h\u00e1 alguns dias aqui no bairro. A base e os guardas circulando por aqui aumentam a seguran\u00e7a para a popula\u00e7\u00e3o\u201d, comenta.<\/p>\n\n\n\n<p>A equipe da Base M\u00f3vel Ponte S\u00e3o Jo\u00e3o, pelo programa Bairro Seguro, atua em toda a regi\u00e3o, de maneira itinerante, a partir de dados coletados pela intelig\u00eancia da corpora\u00e7\u00e3o em locais de maior fluxo de pessoas e hist\u00f3rico de ocorr\u00eancias.<\/p>\n\n\n\n<p>A visita\u00e7\u00e3o \u00e0 base contou com a participa\u00e7\u00e3o do vice-prefeito Gustavo Martinelli.<\/p>\n\n\n\n<p><em>(Texto\/Imagem: Prefeitura de Jundia\u00ed)<\/em><\/p>\n","protected":false},"excerpt":{"rendered":"<p>A corpora\u00e7\u00e3o receber\u00e1 investimentos em v\u00e1rias frentes, na ordem de R$ 30 milh\u00f5es para a descentraliza\u00e7\u00e3o<\/p>\n","protected":false},"author":28,"featured_media":76767,"comment_status":"closed","ping_status":"closed","sticky":false,"template":"","format":"standard","meta":{"footnotes":""},"categories":[8356,1],"tags":[],"class_list":["post-76766","post","type-post","status-publish","format-standard","has-post-thumbnail","hentry","category-jundiai","category-noticias"],"_links":{"self":[{"href":"https:\/\/tvtecjundiai.com.br\/news\/wp-json\/wp\/v2\/posts\/76766","targetHints":{"allow":["GET"]}}],"collection":[{"href":"https:\/\/tvtecjundiai.com.br\/news\/wp-json\/wp\/v2\/posts"}],"about":[{"href":"https:\/\/tvtecjundiai.com.br\/news\/wp-json\/wp\/v2\/types\/post"}],"author":[{"embeddable":true,"href":"https:\/\/tvtecjundiai.com.br\/news\/wp-json\/wp\/v2\/users\/28"}],"replies":[{"embeddable":true,"href":"https:\/\/tvtecjundiai.com.br\/news\/wp-json\/wp\/v2\/comments?post=76766"}],"version-history":[{"count":1,"href":"https:\/\/tvtecjundiai.com.br\/news\/wp-json\/wp\/v2\/posts\/76766\/revisions"}],"predecessor-version":[{"id":76768,"href":"https:\/\/tvtecjundiai.com.br\/news\/wp-json\/wp\/v2\/posts\/76766\/revisions\/76768"}],"wp:featuredmedia":[{"embeddable":true,"href":"https:\/\/tvtecjundiai.com.br\/news\/wp-json\/wp\/v2\/media\/76767"}],"wp:attachment":[{"href":"https:\/\/tvtecjundiai.com.br\/news\/wp-json\/wp\/v2\/media?parent=76766"}],"wp:term":[{"taxonomy":"category","embeddable":true,"href":"https:\/\/tvtecjundiai.com.br\/news\/wp-json\/wp\/v2\/categories?post=76766"},{"taxonomy":"post_tag","embeddable":true,"href":"https:\/\/tvtecjundiai.com.br\/news\/wp-json\/wp\/v2\/tags?post=76766"}],"curies":[{"name":"wp","href":"https:\/\/api.w.org\/{rel}","templated":true}]}}