{"id":76772,"date":"2021-05-31T19:02:18","date_gmt":"2021-05-31T22:02:18","guid":{"rendered":"https:\/\/tvtecjundiai.com.br\/news\/?p=76772"},"modified":"2021-05-31T19:02:18","modified_gmt":"2021-05-31T22:02:18","slug":"guarda-municipal-de-jundiai-recebe-homenagem-por-acao-humanitaria","status":"publish","type":"post","link":"https:\/\/tvtecjundiai.com.br\/news\/2021\/05\/31\/guarda-municipal-de-jundiai-recebe-homenagem-por-acao-humanitaria\/","title":{"rendered":"Guarda Municipal de Jundia\u00ed recebe homenagem por a\u00e7\u00e3o humanit\u00e1ria"},"content":{"rendered":"\n<p>O guarda municipal Humberto Gon\u00e7alves de Aguiar recebeu, na tarde desta segunda-feira (31), uma placa em homenagem a uma a\u00e7\u00e3o humanit\u00e1ria que realizou, quando salvou a vida de uma pessoa. A placa foi entregue pelo prefeito de Jundia\u00ed, Luiz Fernando Machado, em seu gabinete, no Pa\u00e7o Municipal. Tamb\u00e9m estiveram presentes na entrega a gestora de Seguran\u00e7a Municipal, Coronel Carla Basson, o comandante da Guarda Municipal, Benedito Marcos Moreno, e o gestor da Casa Civil, Gustavo Maryssael.<\/p>\n\n\n\n<figure class=\"wp-block-gallery columns-1 is-cropped wp-block-gallery-1 is-layout-flex wp-block-gallery-is-layout-flex\"><ul class=\"blocks-gallery-grid\"><li class=\"blocks-gallery-item\"><figure><img loading=\"lazy\" decoding=\"async\" width=\"1200\" height=\"800\" src=\"https:\/\/tvtecjundiai.com.br\/news\/wp-content\/uploads\/sites\/2\/2021\/05\/homenagem_gm_humberto_gabinete-111-1200x800.jpg\" alt=\"\" data-id=\"76773\" data-full-url=\"https:\/\/tvtecjundiai.com.br\/news\/wp-content\/uploads\/sites\/2\/2021\/05\/homenagem_gm_humberto_gabinete-111.jpg\" data-link=\"https:\/\/tvtecjundiai.com.br\/news\/?attachment_id=76773\" class=\"wp-image-76773\" srcset=\"https:\/\/tvtecjundiai.com.br\/news\/wp-content\/uploads\/sites\/2\/2021\/05\/homenagem_gm_humberto_gabinete-111-1200x800.jpg 1200w, https:\/\/tvtecjundiai.com.br\/news\/wp-content\/uploads\/sites\/2\/2021\/05\/homenagem_gm_humberto_gabinete-111-300x200.jpg 300w, https:\/\/tvtecjundiai.com.br\/news\/wp-content\/uploads\/sites\/2\/2021\/05\/homenagem_gm_humberto_gabinete-111-768x512.jpg 768w, https:\/\/tvtecjundiai.com.br\/news\/wp-content\/uploads\/sites\/2\/2021\/05\/homenagem_gm_humberto_gabinete-111.jpg 1280w\" sizes=\"auto, (max-width: 1200px) 100vw, 1200px\" \/><\/figure><\/li><\/ul><figcaption class=\"blocks-gallery-caption\">Entre os gestores Gustavo Maryssael, Carla Basson, o prefeito Luiz Fernando e o comandante da GM, Benedito Marcos Moreno, Humberto ficou emocionado e agradeceu a honraria<\/figcaption><\/figure>\n\n\n\n<p>Com 52 anos e na Guarda Municipal desde 1995, Humberto ficou emocionado e agradeceu a honraria. \u201cAgrade\u00e7o cada palavra de carinho que recebi aqui.\u201d Para o prefeito Luiz Fernando, \u201cprofissionais como Humberto mostram o que h\u00e1 de mais valioso em nossa Guarda Municipal: seu material humano, profissionais que atuam ali todos os dias e que nos enchem de orgulho\u201d.<\/p>\n\n\n\n<p>\u201cO bom profissional desempenha o seu melhor em qualquer posto em que esteja e Humberto \u00e9 para n\u00f3s um exemplo\u201d, declarou Carla. \u201cNossos guardas est\u00e3o preparados para as mais diferentes situa\u00e7\u00f5es e sempre pr\u00f3ximos \u00e0 comunidade\u201d, lembrou o comandante Moreno. \u201cReconhecer um ato de bravura como esse \u00e9 fundamental\u201d, disse o gestor da Casa Civil.<\/p>\n\n\n\n<p><em>(Texto\/Imagem: Prefeitura de Jundia\u00ed)<\/em><\/p>\n","protected":false},"excerpt":{"rendered":"<p>Humberto Gon\u00e7alves de Aguiar recebeu uma placa em homenagem a uma a\u00e7\u00e3o humanit\u00e1ria que realizou<\/p>\n","protected":false},"author":28,"featured_media":76773,"comment_status":"closed","ping_status":"closed","sticky":false,"template":"","format":"standard","meta":{"footnotes":""},"categories":[8356,1],"tags":[],"class_list":["post-76772","post","type-post","status-publish","format-standard","has-post-thumbnail","hentry","category-jundiai","category-noticias"],"_links":{"self":[{"href":"https:\/\/tvtecjundiai.com.br\/news\/wp-json\/wp\/v2\/posts\/76772","targetHints":{"allow":["GET"]}}],"collection":[{"href":"https:\/\/tvtecjundiai.com.br\/news\/wp-json\/wp\/v2\/posts"}],"about":[{"href":"https:\/\/tvtecjundiai.com.br\/news\/wp-json\/wp\/v2\/types\/post"}],"author":[{"embeddable":true,"href":"https:\/\/tvtecjundiai.com.br\/news\/wp-json\/wp\/v2\/users\/28"}],"replies":[{"embeddable":true,"href":"https:\/\/tvtecjundiai.com.br\/news\/wp-json\/wp\/v2\/comments?post=76772"}],"version-history":[{"count":1,"href":"https:\/\/tvtecjundiai.com.br\/news\/wp-json\/wp\/v2\/posts\/76772\/revisions"}],"predecessor-version":[{"id":76774,"href":"https:\/\/tvtecjundiai.com.br\/news\/wp-json\/wp\/v2\/posts\/76772\/revisions\/76774"}],"wp:featuredmedia":[{"embeddable":true,"href":"https:\/\/tvtecjundiai.com.br\/news\/wp-json\/wp\/v2\/media\/76773"}],"wp:attachment":[{"href":"https:\/\/tvtecjundiai.com.br\/news\/wp-json\/wp\/v2\/media?parent=76772"}],"wp:term":[{"taxonomy":"category","embeddable":true,"href":"https:\/\/tvtecjundiai.com.br\/news\/wp-json\/wp\/v2\/categories?post=76772"},{"taxonomy":"post_tag","embeddable":true,"href":"https:\/\/tvtecjundiai.com.br\/news\/wp-json\/wp\/v2\/tags?post=76772"}],"curies":[{"name":"wp","href":"https:\/\/api.w.org\/{rel}","templated":true}]}}