{"id":76779,"date":"2021-06-01T11:39:56","date_gmt":"2021-06-01T14:39:56","guid":{"rendered":"https:\/\/tvtecjundiai.com.br\/news\/?p=76779"},"modified":"2021-06-01T11:39:56","modified_gmt":"2021-06-01T14:39:56","slug":"ministro-da-educacao-diz-em-rede-social-que-enem-2021-sera-realizado-nos-dias-21-e-28-de-novembro","status":"publish","type":"post","link":"https:\/\/tvtecjundiai.com.br\/news\/2021\/06\/01\/ministro-da-educacao-diz-em-rede-social-que-enem-2021-sera-realizado-nos-dias-21-e-28-de-novembro\/","title":{"rendered":"Ministro da Educa\u00e7\u00e3o diz em rede social que Enem 2021 ser\u00e1 realizado nos dias 21 e 28 de novembro"},"content":{"rendered":"\n<p>O ministro da Educa\u00e7\u00e3o, Milton Ribeiro, disse no Twitter que a edi\u00e7\u00e3o 2021 do Enem, impressa e digital, ser\u00e1 realizada nos dias&nbsp;21 e 28 de novembro. A&nbsp;inscri\u00e7\u00e3o para a prova, segundo o ministro, ocorrer\u00e1 entre&nbsp;30 de junho e 14 de julho. Ele afirma que os editais com as principais informa\u00e7\u00f5es sobre a prova ser\u00e3o publicados no Di\u00e1rio Oficial da Uni\u00e3o ainda nesta semana.<\/p>\n\n\n\n<p>&#8220;Conforme eu j\u00e1 havia anunciado dias atr\u00e1s, o Enem 2021 acontecer\u00e1 e ser\u00e1 aplicado neste ano. As provas ser\u00e3o aplicadas nos dias 21 e 28 de novembro, para as vers\u00f5es impressa e digital. \u00c9 isso mesmo! A mesma prova, nas mesmas datas, para as duas modalidades&#8221;, disse Ribeiro em um post.<\/p>\n\n\n\n<figure class=\"wp-block-image\"><img decoding=\"async\" src=\"https:\/\/s2.glbimg.com\/e9158J_FxEpz58LPq4lm6ok8hoI=\/0x0:587x363\/984x0\/smart\/filters:strip_icc()\/i.s3.glbimg.com\/v1\/AUTH_59edd422c0c84a879bd37670ae4f538a\/internal_photos\/bs\/2021\/R\/s\/Ajp3Y8TbOWUNySeBnApA\/postagem.jpg\" alt=\"Posts no Twitter do ministro Milton Ribeiro com a data do Enem \u2014 Foto: Reprodu\u00e7\u00e3o\" \/><\/figure>\n\n\n\n<p>&#8220;A seguran\u00e7a e a isonomia do Enem ser\u00e3o sempre mantidas pelo Inep e pelo MEC&#8221;, afirmou o ministro em uma segunda postagem.<\/p>\n\n\n\n<p>A edi\u00e7\u00e3o de 2020 passou por problemas como o adiamento do exame, devido \u00e0 pandemia, salas lotadas em que alunos foram barrados para que fosse poss\u00edvel manter o distanciamento social, e suspens\u00e3o da aplica\u00e7\u00e3o no Amazonas e cidades de Rond\u00f4nia, devido \u00e0 alta de casos da pandemia.<\/p>\n\n\n\n<p>Na \u00faltima edi\u00e7\u00e3o, 5,7 milh\u00f5es de candidatos estavam confirmados para fazer a prova do Enem. A absten\u00e7\u00e3o foi recorde: mais da metade (55,3%) n\u00e3o compareceu.<\/p>\n\n\n\n<h2 class=\"wp-block-heading\">Enem digital<\/h2>\n\n\n\n<p>O Enem digital, que teve a primeira aplica\u00e7\u00e3o na edi\u00e7\u00e3o de 2020, com 96 mil inscritos, ainda n\u00e3o teve a defini\u00e7\u00e3o de quantas vagas ser\u00e3o oferecidas para esta modalidade neste ano.<\/p>\n\n\n\n<p>Quando anunciou a prova em computadores, o MEC estimava elevar o n\u00famero de inscritos ano a ano, at\u00e9 tornar o Enem 100% digital em 2026. Caso o governo anuncie mais vagas para as provas digitais, ser\u00e1 preciso levantar locais para aplic\u00e1-las.<\/p>\n\n\n\n<p>As provas digitais do Enem n\u00e3o s\u00e3o feitas na casa dos estudantes. Elas s\u00e3o aplicadas em computadores localizados em salas de aplica\u00e7\u00e3o, sem conex\u00e3o \u00e0 internet.<\/p>\n\n\n\n<p><em>(Texto\/Imagem: G1)<\/em><\/p>\n","protected":false},"excerpt":{"rendered":"<p>As mesmas datas servir\u00e3o para as vers\u00f5es impressa e digital da prova<\/p>\n","protected":false},"author":24,"featured_media":76780,"comment_status":"closed","ping_status":"closed","sticky":false,"template":"","format":"standard","meta":{"footnotes":""},"categories":[8356],"tags":[],"class_list":["post-76779","post","type-post","status-publish","format-standard","has-post-thumbnail","hentry","category-jundiai"],"_links":{"self":[{"href":"https:\/\/tvtecjundiai.com.br\/news\/wp-json\/wp\/v2\/posts\/76779","targetHints":{"allow":["GET"]}}],"collection":[{"href":"https:\/\/tvtecjundiai.com.br\/news\/wp-json\/wp\/v2\/posts"}],"about":[{"href":"https:\/\/tvtecjundiai.com.br\/news\/wp-json\/wp\/v2\/types\/post"}],"author":[{"embeddable":true,"href":"https:\/\/tvtecjundiai.com.br\/news\/wp-json\/wp\/v2\/users\/24"}],"replies":[{"embeddable":true,"href":"https:\/\/tvtecjundiai.com.br\/news\/wp-json\/wp\/v2\/comments?post=76779"}],"version-history":[{"count":1,"href":"https:\/\/tvtecjundiai.com.br\/news\/wp-json\/wp\/v2\/posts\/76779\/revisions"}],"predecessor-version":[{"id":76782,"href":"https:\/\/tvtecjundiai.com.br\/news\/wp-json\/wp\/v2\/posts\/76779\/revisions\/76782"}],"wp:featuredmedia":[{"embeddable":true,"href":"https:\/\/tvtecjundiai.com.br\/news\/wp-json\/wp\/v2\/media\/76780"}],"wp:attachment":[{"href":"https:\/\/tvtecjundiai.com.br\/news\/wp-json\/wp\/v2\/media?parent=76779"}],"wp:term":[{"taxonomy":"category","embeddable":true,"href":"https:\/\/tvtecjundiai.com.br\/news\/wp-json\/wp\/v2\/categories?post=76779"},{"taxonomy":"post_tag","embeddable":true,"href":"https:\/\/tvtecjundiai.com.br\/news\/wp-json\/wp\/v2\/tags?post=76779"}],"curies":[{"name":"wp","href":"https:\/\/api.w.org\/{rel}","templated":true}]}}