{"id":76781,"date":"2021-06-01T11:42:06","date_gmt":"2021-06-01T14:42:06","guid":{"rendered":"https:\/\/tvtecjundiai.com.br\/news\/?p=76781"},"modified":"2021-06-01T11:42:06","modified_gmt":"2021-06-01T14:42:06","slug":"jundiai-tera-dia-d-da-segunda-dose-contra-covid-19-no-sabado-05","status":"publish","type":"post","link":"https:\/\/tvtecjundiai.com.br\/news\/2021\/06\/01\/jundiai-tera-dia-d-da-segunda-dose-contra-covid-19-no-sabado-05\/","title":{"rendered":"Jundia\u00ed ter\u00e1 &#8216;Dia D&#8217; da segunda dose contra COVID-19 no s\u00e1bado (05)"},"content":{"rendered":"\n<p>Em Jundia\u00ed, cerca de 2 mil pessoas n\u00e3o retornaram para a recep\u00e7\u00e3o da segunda dose de vacina contra COVID-19. Para atender \u00e0queles que, por algum motivo, n\u00e3o agendaram ou n\u00e3o buscaram pela recep\u00e7\u00e3o do complemento da vacina contra o Novo Coronav\u00edrus, a Prefeitura de Jundia\u00ed realizar\u00e1 o Dia D da D2 no pr\u00f3ximo s\u00e1bado, dia 5. A aplica\u00e7\u00e3o ser\u00e1 feita sem necessidade de agendamento, diretamente nos polos de vacina\u00e7\u00e3o.&nbsp;<\/p>\n\n\n\n<p>Para aqueles que receberam a primeira dose da&nbsp;Coronavac, &nbsp;a segunda dose estar\u00e1 dispon\u00edvel na UBS Anhangaba\u00fa e UBS Rio Branco, das 08h \u00e0s 17h.&nbsp;<\/p>\n\n\n\n<p>J\u00e1 as doses daAstrazenecadas pessoas que receberam a primeira dose entre at\u00e9 6 de mar\u00e7o, podem buscar pela vacina num dos postos fixos dispon\u00edveis:&nbsp;Complexo Esportivo (CECE) Aramis Polli, CECE Francisco Dal Santo, UBS Novo Horizonte e Nova UBS Jundia\u00ed Mirim das 08h30 \u00e0s 11h30 e 13h \u00e0s 16h, ou na Nova UBS Jardim do Lago e no CEU&nbsp;das Artes, das 08h30 \u00e0s 11h30&nbsp;e das 13h \u00e0s 16h30.<\/p>\n\n\n\n<p>Entre as pessoas pendentes da segunda aplica\u00e7\u00e3o est\u00e3o professores, profissionais de Sa\u00fade e idosos. \u00c9 essencial lembrar que a vacina\u00e7\u00e3o contra a COVID-19 para pessoas que receberam Coronavac o intervalo preconizado \u00e9 de 21 dias. A Astrazeneca \u00e9 de 120 dias.<\/p>\n\n\n\n<div class=\"wp-block-image\"><figure class=\"aligncenter size-large\"><img loading=\"lazy\" decoding=\"async\" width=\"1200\" height=\"800\" src=\"https:\/\/tvtecjundiai.com.br\/news\/wp-content\/uploads\/sites\/2\/2021\/06\/vacinacao_covid_40_comorbidades-3-1200x800.jpg\" alt=\"\" class=\"wp-image-76783\" srcset=\"https:\/\/tvtecjundiai.com.br\/news\/wp-content\/uploads\/sites\/2\/2021\/06\/vacinacao_covid_40_comorbidades-3-1200x800.jpg 1200w, https:\/\/tvtecjundiai.com.br\/news\/wp-content\/uploads\/sites\/2\/2021\/06\/vacinacao_covid_40_comorbidades-3-300x200.jpg 300w, https:\/\/tvtecjundiai.com.br\/news\/wp-content\/uploads\/sites\/2\/2021\/06\/vacinacao_covid_40_comorbidades-3-768x512.jpg 768w, https:\/\/tvtecjundiai.com.br\/news\/wp-content\/uploads\/sites\/2\/2021\/06\/vacinacao_covid_40_comorbidades-3.jpg 1280w\" sizes=\"auto, (max-width: 1200px) 100vw, 1200px\" \/><figcaption>Vacina\u00e7\u00e3o para D2 daqueles que, por algum motivo, perderam o prazo indicado, ter\u00e3o a oportunidade de regularizar o esquema vacinal no pr\u00f3ximo s\u00e1bado (5)<\/figcaption><\/figure><\/div>\n\n\n\n<p><em>(Fonte\/Imagem: Prefeitura de Jundia\u00ed)<\/em><\/p>\n","protected":false},"excerpt":{"rendered":"<p>A aplica\u00e7\u00e3o ser\u00e1 feita sem necessidade de agendamento, diretamente nos polos de vacina\u00e7\u00e3o<\/p>\n","protected":false},"author":25,"featured_media":76783,"comment_status":"closed","ping_status":"closed","sticky":false,"template":"","format":"standard","meta":{"footnotes":""},"categories":[1,2839],"tags":[],"class_list":["post-76781","post","type-post","status-publish","format-standard","has-post-thumbnail","hentry","category-noticias","category-saude"],"_links":{"self":[{"href":"https:\/\/tvtecjundiai.com.br\/news\/wp-json\/wp\/v2\/posts\/76781","targetHints":{"allow":["GET"]}}],"collection":[{"href":"https:\/\/tvtecjundiai.com.br\/news\/wp-json\/wp\/v2\/posts"}],"about":[{"href":"https:\/\/tvtecjundiai.com.br\/news\/wp-json\/wp\/v2\/types\/post"}],"author":[{"embeddable":true,"href":"https:\/\/tvtecjundiai.com.br\/news\/wp-json\/wp\/v2\/users\/25"}],"replies":[{"embeddable":true,"href":"https:\/\/tvtecjundiai.com.br\/news\/wp-json\/wp\/v2\/comments?post=76781"}],"version-history":[{"count":1,"href":"https:\/\/tvtecjundiai.com.br\/news\/wp-json\/wp\/v2\/posts\/76781\/revisions"}],"predecessor-version":[{"id":76784,"href":"https:\/\/tvtecjundiai.com.br\/news\/wp-json\/wp\/v2\/posts\/76781\/revisions\/76784"}],"wp:featuredmedia":[{"embeddable":true,"href":"https:\/\/tvtecjundiai.com.br\/news\/wp-json\/wp\/v2\/media\/76783"}],"wp:attachment":[{"href":"https:\/\/tvtecjundiai.com.br\/news\/wp-json\/wp\/v2\/media?parent=76781"}],"wp:term":[{"taxonomy":"category","embeddable":true,"href":"https:\/\/tvtecjundiai.com.br\/news\/wp-json\/wp\/v2\/categories?post=76781"},{"taxonomy":"post_tag","embeddable":true,"href":"https:\/\/tvtecjundiai.com.br\/news\/wp-json\/wp\/v2\/tags?post=76781"}],"curies":[{"name":"wp","href":"https:\/\/api.w.org\/{rel}","templated":true}]}}