{"id":76785,"date":"2021-06-01T12:34:54","date_gmt":"2021-06-01T15:34:54","guid":{"rendered":"https:\/\/tvtecjundiai.com.br\/news\/?p=76785"},"modified":"2021-06-01T12:34:54","modified_gmt":"2021-06-01T15:34:54","slug":"guarda-municipal-de-jundiai-se-aposenta-apos-36-anos-de-servicos-prestados","status":"publish","type":"post","link":"https:\/\/tvtecjundiai.com.br\/news\/2021\/06\/01\/guarda-municipal-de-jundiai-se-aposenta-apos-36-anos-de-servicos-prestados\/","title":{"rendered":"Guarda Municipal de Jundia\u00ed se aposenta ap\u00f3s 36 anos de servi\u00e7os prestados"},"content":{"rendered":"\n<p>Ap\u00f3s 36 anos de servi\u00e7os prestados \u00e0 Guarda Municipal de Jundia\u00ed e a sociedade, o GM Valdir Aparecido de Oliveira est\u00e1 se aposentando. O guarda inicia seu novo momento a partir do dia 1\u00ba de junho.<\/p>\n\n\n\n<p>Desde janeiro de 1985, Valdir incorporou o amor a farda azul marinho e ali iniciou uma trajet\u00f3ria de muitas alegrias e conquistas.<\/p>\n\n\n\n<figure class=\"wp-block-image size-large\"><img loading=\"lazy\" decoding=\"async\" width=\"900\" height=\"574\" src=\"https:\/\/tvtecjundiai.com.br\/news\/wp-content\/uploads\/sites\/2\/2021\/06\/WhatsApp-Image-2021-05-07-at-14.32.47-900x574-1.jpeg\" alt=\"\" class=\"wp-image-76788\" srcset=\"https:\/\/tvtecjundiai.com.br\/news\/wp-content\/uploads\/sites\/2\/2021\/06\/WhatsApp-Image-2021-05-07-at-14.32.47-900x574-1.jpeg 900w, https:\/\/tvtecjundiai.com.br\/news\/wp-content\/uploads\/sites\/2\/2021\/06\/WhatsApp-Image-2021-05-07-at-14.32.47-900x574-1-300x191.jpeg 300w, https:\/\/tvtecjundiai.com.br\/news\/wp-content\/uploads\/sites\/2\/2021\/06\/WhatsApp-Image-2021-05-07-at-14.32.47-900x574-1-768x490.jpeg 768w\" sizes=\"auto, (max-width: 900px) 100vw, 900px\" \/><figcaption>Documento usado na \u00e9poca em que era guardinha mirim<\/figcaption><\/figure>\n\n\n\n<p>Mas a hist\u00f3ria come\u00e7a seis anos antes, onde com apenas 14 anos j\u00e1 era conhecido nas depend\u00eancias da corpora\u00e7\u00e3o trabalhando como guardinha mirim.<\/p>\n\n\n\n<p>A partir da\u00ed o desejo de fazer parte da GM come\u00e7ou a tomar conta e s\u00f3 foi aguardar alguns anos para entrar em definitivo e n\u00e3o sair mais.<\/p>\n\n\n\n<p>\u201cEstou saindo porque chegou o meu direito de aposentadoria. Vou levar comigo saudades dos amigos que fiz, das parcerias com equipes de patrulhamento e de ocorr\u00eancias bem sucedidas. Daqui s\u00f3 vou levar boas lembran\u00e7as. Pedi muito a Deus que sa\u00edsse daqui com sa\u00fade para poder curtir minha fam\u00edlia, e \u00e9 isso que vou fazer a partir de agora\u201d.<\/p>\n\n\n\n<figure class=\"wp-block-image size-large\"><img loading=\"lazy\" decoding=\"async\" width=\"865\" height=\"500\" src=\"https:\/\/tvtecjundiai.com.br\/news\/wp-content\/uploads\/sites\/2\/2021\/06\/Com_38_anos_de_Guarda_Municipal_GM_mais_antigo_de_Jundiai_diz_que_sua_profissao_e_um_orgulho-2.jpg\" alt=\"\" class=\"wp-image-76789\" srcset=\"https:\/\/tvtecjundiai.com.br\/news\/wp-content\/uploads\/sites\/2\/2021\/06\/Com_38_anos_de_Guarda_Municipal_GM_mais_antigo_de_Jundiai_diz_que_sua_profissao_e_um_orgulho-2.jpg 865w, https:\/\/tvtecjundiai.com.br\/news\/wp-content\/uploads\/sites\/2\/2021\/06\/Com_38_anos_de_Guarda_Municipal_GM_mais_antigo_de_Jundiai_diz_que_sua_profissao_e_um_orgulho-2-300x173.jpg 300w, https:\/\/tvtecjundiai.com.br\/news\/wp-content\/uploads\/sites\/2\/2021\/06\/Com_38_anos_de_Guarda_Municipal_GM_mais_antigo_de_Jundiai_diz_que_sua_profissao_e_um_orgulho-2-768x444.jpg 768w\" sizes=\"auto, (max-width: 865px) 100vw, 865px\" \/><figcaption>Ap\u00f3s 36 anos de servi\u00e7os prestados \u00e0 Guarda Municipal de Jundia\u00ed e a sociedade, o GM Valdir Aparecido de Oliveira est\u00e1 se aposentando<\/figcaption><\/figure>\n\n\n\n<p>Com passagens em diversos setores da corpora\u00e7\u00e3o, sempre com brilhantismo e profissionalismo, o GM Valdir j\u00e1 cravou seu nome na hist\u00f3ria da GM como um dos poucos em que foi guardinha e na sequ\u00eancia Guarda Municipal.<\/p>\n\n\n\n<p><em>(Texto\/Imagem: Assessoria de Imprensa)<\/em><\/p>\n","protected":false},"excerpt":{"rendered":"<p>GM Valdir Aparecido de Oliveira iniciou seus trabalhos na corpora\u00e7\u00e3o em 1985<\/p>\n","protected":false},"author":28,"featured_media":76786,"comment_status":"closed","ping_status":"closed","sticky":false,"template":"","format":"standard","meta":{"footnotes":""},"categories":[8356,1],"tags":[],"class_list":["post-76785","post","type-post","status-publish","format-standard","has-post-thumbnail","hentry","category-jundiai","category-noticias"],"_links":{"self":[{"href":"https:\/\/tvtecjundiai.com.br\/news\/wp-json\/wp\/v2\/posts\/76785","targetHints":{"allow":["GET"]}}],"collection":[{"href":"https:\/\/tvtecjundiai.com.br\/news\/wp-json\/wp\/v2\/posts"}],"about":[{"href":"https:\/\/tvtecjundiai.com.br\/news\/wp-json\/wp\/v2\/types\/post"}],"author":[{"embeddable":true,"href":"https:\/\/tvtecjundiai.com.br\/news\/wp-json\/wp\/v2\/users\/28"}],"replies":[{"embeddable":true,"href":"https:\/\/tvtecjundiai.com.br\/news\/wp-json\/wp\/v2\/comments?post=76785"}],"version-history":[{"count":1,"href":"https:\/\/tvtecjundiai.com.br\/news\/wp-json\/wp\/v2\/posts\/76785\/revisions"}],"predecessor-version":[{"id":76790,"href":"https:\/\/tvtecjundiai.com.br\/news\/wp-json\/wp\/v2\/posts\/76785\/revisions\/76790"}],"wp:featuredmedia":[{"embeddable":true,"href":"https:\/\/tvtecjundiai.com.br\/news\/wp-json\/wp\/v2\/media\/76786"}],"wp:attachment":[{"href":"https:\/\/tvtecjundiai.com.br\/news\/wp-json\/wp\/v2\/media?parent=76785"}],"wp:term":[{"taxonomy":"category","embeddable":true,"href":"https:\/\/tvtecjundiai.com.br\/news\/wp-json\/wp\/v2\/categories?post=76785"},{"taxonomy":"post_tag","embeddable":true,"href":"https:\/\/tvtecjundiai.com.br\/news\/wp-json\/wp\/v2\/tags?post=76785"}],"curies":[{"name":"wp","href":"https:\/\/api.w.org\/{rel}","templated":true}]}}