{"id":76794,"date":"2021-06-01T13:46:49","date_gmt":"2021-06-01T16:46:49","guid":{"rendered":"https:\/\/tvtecjundiai.com.br\/news\/?p=76794"},"modified":"2021-06-01T14:08:09","modified_gmt":"2021-06-01T17:08:09","slug":"organizacao-mundial-da-saude-aprova-inclusao-da-coronavac-mundialmente","status":"publish","type":"post","link":"https:\/\/tvtecjundiai.com.br\/news\/2021\/06\/01\/organizacao-mundial-da-saude-aprova-inclusao-da-coronavac-mundialmente\/","title":{"rendered":"Organiza\u00e7\u00e3o Mundial da Sa\u00fade aprova uso emergencial da vacina CoronaVac"},"content":{"rendered":"\n<p>A Organiza\u00e7\u00e3o Mundial da Sa\u00fade (OMS) aprovou a CoronaVac, vacina contra a COVID-19 desenvolvida pela farmac\u00eautica chinesa Sinovac Biotech, para uso emergencial, fazendo da vacina a segunda produzida na China a obter endosso da organiza\u00e7\u00e3o, informou a OMS nesta ter\u00e7a-feira (1\u00b0).<img decoding=\"async\" src=\"https:\/\/agenciabrasil.ebc.com.br\/ebc.png?id=1411365&amp;o=node\"><img decoding=\"async\" src=\"https:\/\/agenciabrasil.ebc.com.br\/ebc.gif?id=1411365&amp;o=node\"><\/p>\n\n\n\n<p>A lista de uso emergencial da OMS \u00e9 um sinal para os reguladores nacionais sobre a seguran\u00e7a e efic\u00e1cia de um produto. Ela tamb\u00e9m permite que a vacina seja inclu\u00edda no esquema Covax, o programa global de fornecimento de vacinas principalmente para pa\u00edses pobres, que atualmente enfrenta grandes problemas de abastecimento devido \u00e0 suspens\u00e3o das exporta\u00e7\u00f5es de vacinas pela \u00cdndia.<\/p>\n\n\n\n<figure class=\"wp-block-image size-large\"><img loading=\"lazy\" decoding=\"async\" width=\"1170\" height=\"700\" src=\"https:\/\/tvtecjundiai.com.br\/news\/wp-content\/uploads\/sites\/2\/2021\/06\/coronavac.jpg\" alt=\"\" class=\"wp-image-76795\" srcset=\"https:\/\/tvtecjundiai.com.br\/news\/wp-content\/uploads\/sites\/2\/2021\/06\/coronavac.jpg 1170w, https:\/\/tvtecjundiai.com.br\/news\/wp-content\/uploads\/sites\/2\/2021\/06\/coronavac-300x179.jpg 300w, https:\/\/tvtecjundiai.com.br\/news\/wp-content\/uploads\/sites\/2\/2021\/06\/coronavac-768x459.jpg 768w\" sizes=\"auto, (max-width: 1170px) 100vw, 1170px\" \/><figcaption>OMS aprovou a CoronaVac, vacina contra a COVID-19 desenvolvida pela farmac\u00eautica chinesa Sinovac Biotech, para uso emergencial<\/figcaption><\/figure>\n\n\n\n<p>Em comunicado, o painel independente de especialistas recomendou a CoronaVac, que no Brasil \u00e9 produzida pelo Instituto Butantan, para adultos com mais de 18 anos, com uma segunda dose entre duas e quatro semanas depois da primeira. N\u00e3o houve limite m\u00e1ximo de idade, uma vez que os dados sugerem que \u00e9 prov\u00e1vel ter efeito protetor em pessoas idosas.<\/p>\n\n\n\n<p><em>(Texto\/Imagem: Ag\u00eancia Brasil)<\/em><\/p>\n","protected":false},"excerpt":{"rendered":"<p>Imunizante poder\u00e1 ser inclu\u00eddo no cons\u00f3rcio Covax Facility<\/p>\n","protected":false},"author":28,"featured_media":76795,"comment_status":"closed","ping_status":"closed","sticky":false,"template":"","format":"standard","meta":{"footnotes":""},"categories":[8356,1],"tags":[],"class_list":["post-76794","post","type-post","status-publish","format-standard","has-post-thumbnail","hentry","category-jundiai","category-noticias"],"_links":{"self":[{"href":"https:\/\/tvtecjundiai.com.br\/news\/wp-json\/wp\/v2\/posts\/76794","targetHints":{"allow":["GET"]}}],"collection":[{"href":"https:\/\/tvtecjundiai.com.br\/news\/wp-json\/wp\/v2\/posts"}],"about":[{"href":"https:\/\/tvtecjundiai.com.br\/news\/wp-json\/wp\/v2\/types\/post"}],"author":[{"embeddable":true,"href":"https:\/\/tvtecjundiai.com.br\/news\/wp-json\/wp\/v2\/users\/28"}],"replies":[{"embeddable":true,"href":"https:\/\/tvtecjundiai.com.br\/news\/wp-json\/wp\/v2\/comments?post=76794"}],"version-history":[{"count":2,"href":"https:\/\/tvtecjundiai.com.br\/news\/wp-json\/wp\/v2\/posts\/76794\/revisions"}],"predecessor-version":[{"id":76804,"href":"https:\/\/tvtecjundiai.com.br\/news\/wp-json\/wp\/v2\/posts\/76794\/revisions\/76804"}],"wp:featuredmedia":[{"embeddable":true,"href":"https:\/\/tvtecjundiai.com.br\/news\/wp-json\/wp\/v2\/media\/76795"}],"wp:attachment":[{"href":"https:\/\/tvtecjundiai.com.br\/news\/wp-json\/wp\/v2\/media?parent=76794"}],"wp:term":[{"taxonomy":"category","embeddable":true,"href":"https:\/\/tvtecjundiai.com.br\/news\/wp-json\/wp\/v2\/categories?post=76794"},{"taxonomy":"post_tag","embeddable":true,"href":"https:\/\/tvtecjundiai.com.br\/news\/wp-json\/wp\/v2\/tags?post=76794"}],"curies":[{"name":"wp","href":"https:\/\/api.w.org\/{rel}","templated":true}]}}