{"id":76805,"date":"2021-06-01T14:27:28","date_gmt":"2021-06-01T17:27:28","guid":{"rendered":"https:\/\/tvtecjundiai.com.br\/news\/?p=76805"},"modified":"2021-06-01T14:27:28","modified_gmt":"2021-06-01T17:27:28","slug":"cultura-divulga-mais-oficinas-online-gratuitas-de-programa-estadual","status":"publish","type":"post","link":"https:\/\/tvtecjundiai.com.br\/news\/2021\/06\/01\/cultura-divulga-mais-oficinas-online-gratuitas-de-programa-estadual\/","title":{"rendered":"Cultura divulga mais oficinas online gratuitas de programa estadual"},"content":{"rendered":"\n<p>A Unidade de Gest\u00e3o de Cultura (UGC) divulga as inscri\u00e7\u00f5es para o programa de \u201cOficinas Culturais \u2013 Forma\u00e7\u00e3o para o Interior\u201d durante o m\u00eas de junho. Os encontros, no formato de presta\u00e7\u00e3o de servi\u00e7os culturais \u00e0 popula\u00e7\u00e3o durante o isolamento social, s\u00e3o gratuitos e ser\u00e3o realizados pela internet.<\/p>\n\n\n\n<p>O programa de Forma\u00e7\u00e3o para o Interior \u00e9 uma iniciativa da secretaria estadual de Cultura e Economia Criativa e \u00e9 gerenciado pela Poiesis Organiza\u00e7\u00e3o Social de Cultura.<\/p>\n\n\n\n<figure class=\"wp-block-image size-large\"><img loading=\"lazy\" decoding=\"async\" width=\"1200\" height=\"800\" src=\"https:\/\/tvtecjundiai.com.br\/news\/wp-content\/uploads\/sites\/2\/2021\/06\/concurso-fotografia-natureza_c_-9-copia-1200x800.jpg\" alt=\"\" class=\"wp-image-76806\" srcset=\"https:\/\/tvtecjundiai.com.br\/news\/wp-content\/uploads\/sites\/2\/2021\/06\/concurso-fotografia-natureza_c_-9-copia-1200x800.jpg 1200w, https:\/\/tvtecjundiai.com.br\/news\/wp-content\/uploads\/sites\/2\/2021\/06\/concurso-fotografia-natureza_c_-9-copia-300x200.jpg 300w, https:\/\/tvtecjundiai.com.br\/news\/wp-content\/uploads\/sites\/2\/2021\/06\/concurso-fotografia-natureza_c_-9-copia-768x512.jpg 768w, https:\/\/tvtecjundiai.com.br\/news\/wp-content\/uploads\/sites\/2\/2021\/06\/concurso-fotografia-natureza_c_-9-copia.jpg 1280w\" sizes=\"auto, (max-width: 1200px) 100vw, 1200px\" \/><figcaption>Ser\u00e3o oferecidas oficinas sobre editais do ProAC, Desenho Espont\u00e2neo, Fotografia e Percep\u00e7\u00e3o Ambiental, entre outros<\/figcaption><\/figure>\n\n\n\n<p><strong>As oficinas<\/strong><br>Somente para a oficina de Projetos Culturais do Programa de A\u00e7\u00e3o Cultural (ProAC) est\u00e3o previstas 400 vagas, em dez turmas. Tendo em vista o lan\u00e7amento de novos editais do programa, a s\u00e9rie de oficinas \u00e9 voltada preferencialmente para artistas, produtores e agentes culturais e tratar\u00e1, em quatro encontros, dos principais fundamentos e exemplos de formata\u00e7\u00e3o de projetos para os editais do programa. Mais informa\u00e7\u00f5es e links para inscri\u00e7\u00e3o nestas oficinas podem ser encontradas na&nbsp;<a rel=\"noreferrer noopener\" href=\"http:\/\/poiesis.org.br\/maiscultura\/oficinas_culturais\/proac2021\/\" target=\"_blank\">internet<\/a>.<\/p>\n\n\n\n<p>Ser\u00e3o realizadas ainda as oficinas de: Pandeiro \u2013 pr\u00e1ticas na Cultura popular brasileira, com Beto Oliveira; Pr\u00e1tica de Desenho Espont\u00e2neo, com Soraya Lucato; Entre dobras e cortes: possibilidades para narrativas virtuais, com Fab\u00edola Notari; Fotografia e Percep\u00e7\u00e3o Ambiental, com Nat\u00e1lia Vieira; Clube de Leitura Dante e a Divina Com\u00e9dia: uma viagem entre Inferno, Purgat\u00f3rio e Para\u00edso, com Valentina Cantori; e de Escrever o amor em tempos da pandemia, com Ricardo Hirata. Os interessados devem se&nbsp;<a rel=\"noreferrer noopener\" href=\"http:\/\/poiesis.org.br\/maiscultura\/oficinas_culturais\/\" target=\"_blank\">inscrever pela internet<\/a>.<\/p>\n\n\n\n<p>No&nbsp;<a href=\"https:\/\/www.youtube.com\/c\/OFICINASCULTURAISDOESTADODES%C3%83OPAULO\/videos\" target=\"_blank\" rel=\"noreferrer noopener\">canal da Oficinas Culturais no YouTube<\/a>&nbsp;est\u00e3o dispon\u00edveis ainda diversos v\u00eddeos com oficinas gratuitas.<\/p>\n\n\n\n<p>Os interessados que tiverem d\u00favidas podem entrar em contato com os respons\u00e1veis pelo programa no e-mail\u00a0<a href=\"mailto:interioronline@oficinasculturais.org.br\">interioronline@oficinasculturais.org.br<\/a>.<\/p>\n\n\n\n<p><em>(Texto\/Imagem: Prefeitura de Jundia\u00ed)<\/em><\/p>\n","protected":false},"excerpt":{"rendered":"<p>Os encontros s\u00e3o gratuitos e ser\u00e3o realizados pela internet<\/p>\n","protected":false},"author":28,"featured_media":76806,"comment_status":"closed","ping_status":"closed","sticky":false,"template":"","format":"standard","meta":{"footnotes":""},"categories":[8356,1],"tags":[],"class_list":["post-76805","post","type-post","status-publish","format-standard","has-post-thumbnail","hentry","category-jundiai","category-noticias"],"_links":{"self":[{"href":"https:\/\/tvtecjundiai.com.br\/news\/wp-json\/wp\/v2\/posts\/76805","targetHints":{"allow":["GET"]}}],"collection":[{"href":"https:\/\/tvtecjundiai.com.br\/news\/wp-json\/wp\/v2\/posts"}],"about":[{"href":"https:\/\/tvtecjundiai.com.br\/news\/wp-json\/wp\/v2\/types\/post"}],"author":[{"embeddable":true,"href":"https:\/\/tvtecjundiai.com.br\/news\/wp-json\/wp\/v2\/users\/28"}],"replies":[{"embeddable":true,"href":"https:\/\/tvtecjundiai.com.br\/news\/wp-json\/wp\/v2\/comments?post=76805"}],"version-history":[{"count":1,"href":"https:\/\/tvtecjundiai.com.br\/news\/wp-json\/wp\/v2\/posts\/76805\/revisions"}],"predecessor-version":[{"id":76807,"href":"https:\/\/tvtecjundiai.com.br\/news\/wp-json\/wp\/v2\/posts\/76805\/revisions\/76807"}],"wp:featuredmedia":[{"embeddable":true,"href":"https:\/\/tvtecjundiai.com.br\/news\/wp-json\/wp\/v2\/media\/76806"}],"wp:attachment":[{"href":"https:\/\/tvtecjundiai.com.br\/news\/wp-json\/wp\/v2\/media?parent=76805"}],"wp:term":[{"taxonomy":"category","embeddable":true,"href":"https:\/\/tvtecjundiai.com.br\/news\/wp-json\/wp\/v2\/categories?post=76805"},{"taxonomy":"post_tag","embeddable":true,"href":"https:\/\/tvtecjundiai.com.br\/news\/wp-json\/wp\/v2\/tags?post=76805"}],"curies":[{"name":"wp","href":"https:\/\/api.w.org\/{rel}","templated":true}]}}