{"id":76808,"date":"2021-06-01T14:37:24","date_gmt":"2021-06-01T17:37:24","guid":{"rendered":"https:\/\/tvtecjundiai.com.br\/news\/?p=76808"},"modified":"2021-06-01T14:37:24","modified_gmt":"2021-06-01T17:37:24","slug":"maio-amarelo-e-encerrado-com-14-acoes-para-um-transito-mais-seguro","status":"publish","type":"post","link":"https:\/\/tvtecjundiai.com.br\/news\/2021\/06\/01\/maio-amarelo-e-encerrado-com-14-acoes-para-um-transito-mais-seguro\/","title":{"rendered":"Maio Amarelo \u00e9 encerrado com 14 a\u00e7\u00f5es para um tr\u00e2nsito mais seguro"},"content":{"rendered":"\n<p>O Maio Amarelo, movimento ao qual a Prefeitura de Jundia\u00ed aderiu e \u00e9 voltado para a diminui\u00e7\u00e3o de acidentes de tr\u00e2nsito por meio de a\u00e7\u00f5es educativas, chegou ao fim com um saldo positivo. Segundo dados divulgados pela Unidade de Gest\u00e3o de Mobilidade e Transporte (UGMT), foram realizadas 14 frentes de a\u00e7\u00e3o paralelas durante todo o m\u00eas, entre palestras, coloca\u00e7\u00e3o de banners, distribui\u00e7\u00e3o de materiais e trabalhos em parceria com hospitais, faculdades e empresas.<\/p>\n\n\n\n<figure class=\"wp-block-image size-large\"><img loading=\"lazy\" decoding=\"async\" width=\"1200\" height=\"800\" src=\"https:\/\/tvtecjundiai.com.br\/news\/wp-content\/uploads\/sites\/2\/2021\/06\/emeb_wilma_nalim_maio_amarelo_transito-369-1200x800.jpg\" alt=\"\" class=\"wp-image-76810\" srcset=\"https:\/\/tvtecjundiai.com.br\/news\/wp-content\/uploads\/sites\/2\/2021\/06\/emeb_wilma_nalim_maio_amarelo_transito-369-1200x800.jpg 1200w, https:\/\/tvtecjundiai.com.br\/news\/wp-content\/uploads\/sites\/2\/2021\/06\/emeb_wilma_nalim_maio_amarelo_transito-369-300x200.jpg 300w, https:\/\/tvtecjundiai.com.br\/news\/wp-content\/uploads\/sites\/2\/2021\/06\/emeb_wilma_nalim_maio_amarelo_transito-369-768x512.jpg 768w, https:\/\/tvtecjundiai.com.br\/news\/wp-content\/uploads\/sites\/2\/2021\/06\/emeb_wilma_nalim_maio_amarelo_transito-369.jpg 1280w\" sizes=\"auto, (max-width: 1200px) 100vw, 1200px\" \/><figcaption>Um tr\u00e2nsito melhor para motoristas e pedestres, com a\u00e7\u00f5es para todas as idades, inclusive as crian\u00e7as<\/figcaption><\/figure>\n\n\n\n<p>\u201cCada dia mais percebemos a import\u00e2ncia de promover a\u00e7\u00f5es educativas que v\u00e3o ao encontro de nosso grande objetivo: salvar vidas no tr\u00e2nsito\u201d, diz o prefeito de Jundia\u00ed, Luiz Fernando Machado. \u201cO Maio Amarelo \u00e9 um per\u00edodo de a\u00e7\u00f5es importantes, mas tamb\u00e9m de reflex\u00e3o, e esperamos que seus frutos sejam estendidos para o ano todo.\u201d<\/p>\n\n\n\n<p>Para o gestor de Mobilidade e Transporte, Aloysio Queiroz, a ades\u00e3o da sociedade civil foi fundamental para os bons resultados do m\u00eas. \u201cSem a participa\u00e7\u00e3o das pessoas e a aten\u00e7\u00e3o \u00e0 necessidade de discutir a paz no tr\u00e2nsito, n\u00e3o ter\u00edamos conquistado tanto\u201d, declara. \u201cSabemos da import\u00e2ncia da fiscaliza\u00e7\u00e3o, mas \u00e9 imprescind\u00edvel que ela caminhe lado a lado com o trabalho de conscientiza\u00e7\u00e3o.\u201d<\/p>\n\n\n\n<p>Ao todo, receberam adesivos do Maio Amarelo 886 \u00f4nibus que circulam na cidade, al\u00e9m de 600 ve\u00edculos adesivados na Prefeitura e outros 304 no Cerest, DAE e C\u00e2mara Municipal. Ao todo, a UGMT distribuiu aproximadamente 15 mil materiais educativos, entre lacinhos, fitas, la\u00e7os adesivos e cartazes durante o m\u00eas de maio. Vinte e seis empresas, quatro hospitais (S\u00e3o Vicente, Universit\u00e1rio, Regional e Santa Eliza), a Faculdade de Medicina e a ESEF (Escola Superior de Educa\u00e7\u00e3o F\u00edsica) receberam materiais, distribu\u00eddos entre colaboradores, frequentadores e alunos.<\/p>\n\n\n\n<p><strong>Redes sociais<\/strong><br>Devido ao per\u00edodo de pandemia, as a\u00e7\u00f5es do Maio Amarelo ganharam refor\u00e7o tamb\u00e9m nas redes sociais. Durante todo o m\u00eas de maio, imagens e v\u00eddeos foram publicados nos canais da Prefeitura de Jundia\u00ed no Facebook e no Instagram, alcan\u00e7ando 72 mil pessoas da regi\u00e3o de Jundia\u00ed.<\/p>\n\n\n\n<figure class=\"wp-block-image size-large\"><img loading=\"lazy\" decoding=\"async\" width=\"1200\" height=\"800\" src=\"https:\/\/tvtecjundiai.com.br\/news\/wp-content\/uploads\/sites\/2\/2021\/06\/unidam_palestra_transito_maio_amarelo-26-1200x800.jpg\" alt=\"\" class=\"wp-image-76811\" srcset=\"https:\/\/tvtecjundiai.com.br\/news\/wp-content\/uploads\/sites\/2\/2021\/06\/unidam_palestra_transito_maio_amarelo-26-1200x800.jpg 1200w, https:\/\/tvtecjundiai.com.br\/news\/wp-content\/uploads\/sites\/2\/2021\/06\/unidam_palestra_transito_maio_amarelo-26-300x200.jpg 300w, https:\/\/tvtecjundiai.com.br\/news\/wp-content\/uploads\/sites\/2\/2021\/06\/unidam_palestra_transito_maio_amarelo-26-768x512.jpg 768w, https:\/\/tvtecjundiai.com.br\/news\/wp-content\/uploads\/sites\/2\/2021\/06\/unidam_palestra_transito_maio_amarelo-26.jpg 1280w\" sizes=\"auto, (max-width: 1200px) 100vw, 1200px\" \/><figcaption>Na Unidam, pr\u00f3ximas \u00e0 natureza, crian\u00e7as da rede p\u00fablica t\u00eam aula especial sobre tr\u00e2nsito<\/figcaption><\/figure>\n\n\n\n<p><strong>TVTEC<\/strong><br>O Maio Amarelo foi tema do programa Painel Jundia\u00ed, da TVTEC, no dia 26. Na ocasi\u00e3o, falaram sobre as atividades desenvolvidas no m\u00eas e a realidade de Jundia\u00ed em rela\u00e7\u00e3o ao tr\u00e2nsito o gestor Aloysio Queiroz, o agente de tr\u00e2nsito Vagner Aparecido Quintiliano, o coordenador m\u00e9dico do Samu, M\u00e1rio Jorge Kodama, e o diretor do departamento de Engenharia de Mobilidade, Leandro Pinheiro.<\/p>\n\n\n\n<p><strong>Aula especial<\/strong><br>Na primeira semana de maio, quinze alunos da EMEB Jo\u00e3o Luiz de Campos tiveram uma aula, de forma l\u00fadica, sobre o tr\u00e2nsito. A a\u00e7\u00e3o marcou a abertura oficial do Maio Amarelo e foi realizada a partir de um trabalho integrado entre as gest\u00f5es de Mobilidade e Transporte e de Educa\u00e7\u00e3o. A aula ocorreu na Unidam (Unidade de Desenvolvimento Ambiental), ao lado da escola, em um espa\u00e7o a c\u00e9u aberto, alinhado ao conceito de desemparedamento.<\/p>\n\n\n\n<p><em>(Texto\/Imagem: Prefeitura de Jundia\u00ed)<\/em><\/p>\n","protected":false},"excerpt":{"rendered":"<p>Devido ao per\u00edodo de pandemia, as a\u00e7\u00f5es do Maio Amarelo ganharam refor\u00e7o tamb\u00e9m nas redes sociais<\/p>\n","protected":false},"author":28,"featured_media":76810,"comment_status":"closed","ping_status":"closed","sticky":false,"template":"","format":"standard","meta":{"footnotes":""},"categories":[8356,1],"tags":[],"class_list":["post-76808","post","type-post","status-publish","format-standard","has-post-thumbnail","hentry","category-jundiai","category-noticias"],"_links":{"self":[{"href":"https:\/\/tvtecjundiai.com.br\/news\/wp-json\/wp\/v2\/posts\/76808","targetHints":{"allow":["GET"]}}],"collection":[{"href":"https:\/\/tvtecjundiai.com.br\/news\/wp-json\/wp\/v2\/posts"}],"about":[{"href":"https:\/\/tvtecjundiai.com.br\/news\/wp-json\/wp\/v2\/types\/post"}],"author":[{"embeddable":true,"href":"https:\/\/tvtecjundiai.com.br\/news\/wp-json\/wp\/v2\/users\/28"}],"replies":[{"embeddable":true,"href":"https:\/\/tvtecjundiai.com.br\/news\/wp-json\/wp\/v2\/comments?post=76808"}],"version-history":[{"count":1,"href":"https:\/\/tvtecjundiai.com.br\/news\/wp-json\/wp\/v2\/posts\/76808\/revisions"}],"predecessor-version":[{"id":76812,"href":"https:\/\/tvtecjundiai.com.br\/news\/wp-json\/wp\/v2\/posts\/76808\/revisions\/76812"}],"wp:featuredmedia":[{"embeddable":true,"href":"https:\/\/tvtecjundiai.com.br\/news\/wp-json\/wp\/v2\/media\/76810"}],"wp:attachment":[{"href":"https:\/\/tvtecjundiai.com.br\/news\/wp-json\/wp\/v2\/media?parent=76808"}],"wp:term":[{"taxonomy":"category","embeddable":true,"href":"https:\/\/tvtecjundiai.com.br\/news\/wp-json\/wp\/v2\/categories?post=76808"},{"taxonomy":"post_tag","embeddable":true,"href":"https:\/\/tvtecjundiai.com.br\/news\/wp-json\/wp\/v2\/tags?post=76808"}],"curies":[{"name":"wp","href":"https:\/\/api.w.org\/{rel}","templated":true}]}}