{"id":76813,"date":"2021-06-02T10:00:00","date_gmt":"2021-06-02T13:00:00","guid":{"rendered":"https:\/\/tvtecjundiai.com.br\/news\/?p=76813"},"modified":"2021-06-02T10:50:50","modified_gmt":"2021-06-02T13:50:50","slug":"nao-vai-viajar-no-feriado-jundiai-tem-opcoes-gratuitas-para-voce-e-sua-familia","status":"publish","type":"post","link":"https:\/\/tvtecjundiai.com.br\/news\/2021\/06\/02\/nao-vai-viajar-no-feriado-jundiai-tem-opcoes-gratuitas-para-voce-e-sua-familia\/","title":{"rendered":"Procurando o que fazer no feriado? Jundia\u00ed tem op\u00e7\u00f5es gratuitas para toda a fam\u00edlia"},"content":{"rendered":"\n<p>Nesta quinta-feira (03), tem in\u00edcio o feriado prolongado de Corpus Christi e com isso, muita gente se preparou para encarar as estradas e viajar. Mas se voc\u00ea pretende ficar pela cidade, n\u00e3o se preocupe, pois Jundia\u00ed est\u00e1 repleta de op\u00e7\u00f5es bacanas e gratuitas para voc\u00ea curtir com a sua fam\u00edlia.<\/p>\n\n\n\n<p>Veja algumas op\u00e7\u00f5es para aproveitar durante o feriado:<\/p>\n\n\n\n<p><strong>Parque da Cidade<\/strong><\/p>\n\n\n\n<p>O Parque da Cidade permanecer\u00e1 aberto durante todo o feriado prolongado, com abertura \u00e0s 7h e fechamento \u00e0s 17h. O aluguel de bicicletas do Programa de Esportes e Atividades Motoras Adaptadas (Peama) tamb\u00e9m funcionar\u00e1 de quinta a domingo, das 9 \u00e0s 15 horas. O valor por hora do aluguel de bicicleta comum \u00e9 R$ 6; e a bicicleta dupla, R$ 12. Para o pagamento deve ser priorizado o cart\u00e3o de d\u00e9bito.<\/p>\n\n\n\n<figure class=\"wp-block-image size-large\"><img loading=\"lazy\" decoding=\"async\" width=\"960\" height=\"540\" src=\"https:\/\/tvtecjundiai.com.br\/news\/wp-content\/uploads\/sites\/2\/2021\/06\/parquedascidades.jpg\" alt=\"\" class=\"wp-image-76814\" srcset=\"https:\/\/tvtecjundiai.com.br\/news\/wp-content\/uploads\/sites\/2\/2021\/06\/parquedascidades.jpg 960w, https:\/\/tvtecjundiai.com.br\/news\/wp-content\/uploads\/sites\/2\/2021\/06\/parquedascidades-300x169.jpg 300w, https:\/\/tvtecjundiai.com.br\/news\/wp-content\/uploads\/sites\/2\/2021\/06\/parquedascidades-768x432.jpg 768w\" sizes=\"auto, (max-width: 960px) 100vw, 960px\" \/><figcaption>Parque da Cidade permanecer\u00e1 aberto durante todo o feriado prolongado, com abertura \u00e0s 7h e fechamento \u00e0s 17h<\/figcaption><\/figure>\n\n\n\n<p><strong>Mundo das Crian\u00e7as<\/strong><\/p>\n\n\n\n<p>O Mundo das Crian\u00e7as \u00e9 a \u00f3tima op\u00e7\u00e3o para um passeio em fam\u00edlia. O espa\u00e7o tamb\u00e9m funciona nos mesmos dias e hor\u00e1rios que o Parque da Cidade, com igual recomenda\u00e7\u00e3o do uso de m\u00e1scara durante todo o tempo de perman\u00eancia no espa\u00e7o. &nbsp;<\/p>\n\n\n\n<p>Tanto o Mundo das Crian\u00e7as quanto o Parque da Cidade est\u00e3o localizados na Rodovia Jo\u00e3o Cereser, Pinheirinho, em Jundia. Os dois possuem estacionamentos gratuitos.<\/p>\n\n\n\n<p><strong>Parque Bot\u00e2nico Eloy Chaves<\/strong><\/p>\n\n\n\n<p>Outra boa op\u00e7\u00e3o de passeio \u00e9 o Parque Bot\u00e2nico Eloy Chaves. O parque possui 41 mil metros quadrados de \u00e1rea verde preservada e abriga a primeira academia ao ar livre da cidade. O hor\u00e1rio de funcionamento \u00e9 de<strong> <\/strong>segunda \u00e0 sexta-feira das 7h \u00e0s 16h e s\u00e1bado, domingo e feriado das 7h \u00e0s 17h.<\/p>\n\n\n\n<figure class=\"wp-block-image size-large\"><img loading=\"lazy\" decoding=\"async\" width=\"1023\" height=\"680\" src=\"https:\/\/tvtecjundiai.com.br\/news\/wp-content\/uploads\/sites\/2\/2021\/06\/eloychaves.jpg\" alt=\"\" class=\"wp-image-76847\" srcset=\"https:\/\/tvtecjundiai.com.br\/news\/wp-content\/uploads\/sites\/2\/2021\/06\/eloychaves.jpg 1023w, https:\/\/tvtecjundiai.com.br\/news\/wp-content\/uploads\/sites\/2\/2021\/06\/eloychaves-300x199.jpg 300w, https:\/\/tvtecjundiai.com.br\/news\/wp-content\/uploads\/sites\/2\/2021\/06\/eloychaves-768x510.jpg 768w\" sizes=\"auto, (max-width: 1023px) 100vw, 1023px\" \/><figcaption>Parque Eloy Chaves \u00e9 op\u00e7\u00e3o para passeio gratuito nesse feriado<\/figcaption><\/figure>\n\n\n\n<p><strong>Parque Bot\u00e2nico Tulipas Professor Aziz Ab\u2019Saber<\/strong><\/p>\n\n\n\n<p>Com \u00e1rea de 125 mil metros quadrados, o Parque Bot\u00e2nico Tulipas&nbsp;tem academia, quadra poliesportiva, quadras de areia, playground, entre outras op\u00e7\u00f5es de lazer. Vale lembrar que n\u00e3o \u00e9 permitida a entrada de animais dom\u00e9sticos.<\/p>\n\n\n\n<p>O hor\u00e1rio de funcionamento \u00e9 de segunda \u00e0 sexta das 7h \u00e0s 16h, s\u00e1bado, domingo e feriado das 7h \u00e0s 17h.<\/p>\n\n\n\n<p><strong>Parque do Engordadouro \u00c2ngelo Costa<\/strong><\/p>\n\n\n\n<p>J\u00e1 o Parque do Engordadouro possui ao menos 3,8 mil metros de trilhas em concreto, que inclui pistas de caminhada e ciclovias, al\u00e9m de outros 2 mil metros de trilhas em pedrisco.<\/p>\n\n\n\n<p>O Parque fica na avenida Andr\u00e9 Costa, 1595, com acesso pelo bairro Morada das Vinhas ou tamb\u00e9m pela avenida Pedro Clarismundo Fornari. O hor\u00e1rio de funcionamento \u00e9 de segunda \u00e0 sexta das 7h \u00e0s 16h. S\u00e1bado, domingo e feriado, o parque funciona das 7h \u00e0s 17h.<\/p>\n\n\n\n<p><strong>Parque Jardim do Lago<\/strong><\/p>\n\n\n\n<p>Inaugurado em 2015, o Parque do Jardim do Lago&nbsp;conta com \u00e1rea de lazer com duas quadras poliesportivas, dois playgrounds, duas academias ao ar livre, pista de skate, circuito de slackline, pista de caminhada com cerca de dois quil\u00f4metros, dois vesti\u00e1rios e duas guaritas com o Programa Parque Seguro, com monitoramento 24 horas.<\/p>\n\n\n\n<p>O parque fica localizado ao lado da Par\u00f3quia Nossa Senhora do Montenegro, entre as ruas Jos\u00e9 Pedro de Oliveira e Avenida dos Expedicion\u00e1rios. O hor\u00e1rio de funcionamento \u00e9 de segunda \u00e0 sexta das 7h \u00e0s 16h e s\u00e1bado, domingo e feriado das 7h \u00e0s 17h.<\/p>\n\n\n\n<p><strong>Parque Vale Azul<\/strong><\/p>\n\n\n\n<p>O Parque Vale Azul, localizado no Caxambu, tamb\u00e9m \u00e9 uma \u00f3tima op\u00e7\u00e3o para quem quer passear ou praticar esportes ao ar-livre. O parque foi constru\u00eddo ao redor de um belo lago, que por si s\u00f3 j\u00e1 vale a visita. <\/p>\n\n\n\n<p>O Parque Vale Azul fica localizado na Avenida Donata Molinari Cereser, 152-466, Vale Azul.<\/p>\n\n\n\n<figure class=\"wp-block-image size-large\"><img loading=\"lazy\" decoding=\"async\" width=\"1200\" height=\"675\" src=\"https:\/\/tvtecjundiai.com.br\/news\/wp-content\/uploads\/sites\/2\/2021\/06\/valeazul-1200x675.jpg\" alt=\"\" class=\"wp-image-76848\" srcset=\"https:\/\/tvtecjundiai.com.br\/news\/wp-content\/uploads\/sites\/2\/2021\/06\/valeazul-1200x675.jpg 1200w, https:\/\/tvtecjundiai.com.br\/news\/wp-content\/uploads\/sites\/2\/2021\/06\/valeazul-300x169.jpg 300w, https:\/\/tvtecjundiai.com.br\/news\/wp-content\/uploads\/sites\/2\/2021\/06\/valeazul-768x432.jpg 768w, https:\/\/tvtecjundiai.com.br\/news\/wp-content\/uploads\/sites\/2\/2021\/06\/valeazul.jpg 1280w\" sizes=\"auto, (max-width: 1200px) 100vw, 1200px\" \/><figcaption>O Vale Azul, no Caxambu, tamb\u00e9m \u00e9 uma boa op\u00e7\u00e3o para curtir no feriado prolongado<\/figcaption><\/figure>\n\n\n\n<p><strong>Parque Espelho d\u00b4\u00c1gua<\/strong><\/p>\n\n\n\n<p>Outra boa op\u00e7\u00e3o \u00e9 o Parque Espelho d\u00b4\u00c1gua, localizado no bairro Mato Dentro. O parque \u00e9 rec\u00e9m-inaugurado e conta com uma \u00e1rea total de quase 23 mil metros quadrados e \u00e9 mais um espa\u00e7o p\u00fablico planejado com olhar especial para a inf\u00e2ncia.<\/p>\n\n\n\n<p><em>(Texto\/Imagem: TVTEC) <\/em><\/p>\n","protected":false},"excerpt":{"rendered":"<p>Parque da Cidade, Mundo das Crian\u00e7as e Parque Bot\u00e2nico s\u00e3o algumas das op\u00e7\u00f5es<\/p>\n","protected":false},"author":28,"featured_media":76847,"comment_status":"closed","ping_status":"closed","sticky":false,"template":"","format":"standard","meta":{"footnotes":""},"categories":[1],"tags":[],"class_list":["post-76813","post","type-post","status-publish","format-standard","has-post-thumbnail","hentry","category-noticias"],"_links":{"self":[{"href":"https:\/\/tvtecjundiai.com.br\/news\/wp-json\/wp\/v2\/posts\/76813","targetHints":{"allow":["GET"]}}],"collection":[{"href":"https:\/\/tvtecjundiai.com.br\/news\/wp-json\/wp\/v2\/posts"}],"about":[{"href":"https:\/\/tvtecjundiai.com.br\/news\/wp-json\/wp\/v2\/types\/post"}],"author":[{"embeddable":true,"href":"https:\/\/tvtecjundiai.com.br\/news\/wp-json\/wp\/v2\/users\/28"}],"replies":[{"embeddable":true,"href":"https:\/\/tvtecjundiai.com.br\/news\/wp-json\/wp\/v2\/comments?post=76813"}],"version-history":[{"count":3,"href":"https:\/\/tvtecjundiai.com.br\/news\/wp-json\/wp\/v2\/posts\/76813\/revisions"}],"predecessor-version":[{"id":76870,"href":"https:\/\/tvtecjundiai.com.br\/news\/wp-json\/wp\/v2\/posts\/76813\/revisions\/76870"}],"wp:featuredmedia":[{"embeddable":true,"href":"https:\/\/tvtecjundiai.com.br\/news\/wp-json\/wp\/v2\/media\/76847"}],"wp:attachment":[{"href":"https:\/\/tvtecjundiai.com.br\/news\/wp-json\/wp\/v2\/media?parent=76813"}],"wp:term":[{"taxonomy":"category","embeddable":true,"href":"https:\/\/tvtecjundiai.com.br\/news\/wp-json\/wp\/v2\/categories?post=76813"},{"taxonomy":"post_tag","embeddable":true,"href":"https:\/\/tvtecjundiai.com.br\/news\/wp-json\/wp\/v2\/tags?post=76813"}],"curies":[{"name":"wp","href":"https:\/\/api.w.org\/{rel}","templated":true}]}}