{"id":76816,"date":"2021-06-01T16:00:43","date_gmt":"2021-06-01T19:00:43","guid":{"rendered":"https:\/\/tvtecjundiai.com.br\/news\/?p=76816"},"modified":"2021-06-01T16:06:50","modified_gmt":"2021-06-01T19:06:50","slug":"vacinacao-contra-gripe-20-milhoes-de-doses-ja-foram-aplicadas","status":"publish","type":"post","link":"https:\/\/tvtecjundiai.com.br\/news\/2021\/06\/01\/vacinacao-contra-gripe-20-milhoes-de-doses-ja-foram-aplicadas\/","title":{"rendered":"Vacina\u00e7\u00e3o contra gripe: 20 milh\u00f5es de doses j\u00e1 foram aplicadas no Brasil"},"content":{"rendered":"\n<p>Com previs\u00e3o de encerrar a segunda fase no pr\u00f3ximo dia 8, a Campanha Nacional de Vacina\u00e7\u00e3o contra a Gripe j\u00e1 aplicou 20,2 milh\u00f5es de doses de vacinas. O n\u00famero corresponde a 25,3% da meta pretendida, de 79,7 milh\u00f5es de doses, at\u00e9 o final da terceira fase, em&nbsp;9 de julho.<img decoding=\"async\" src=\"https:\/\/agenciabrasil.ebc.com.br\/ebc.png?id=1411386&amp;o=node\"><img decoding=\"async\" src=\"https:\/\/agenciabrasil.ebc.com.br\/ebc.gif?id=1411386&amp;o=node\"><\/p>\n\n\n\n<p>A segunda etapa \u00e9 destinada a idosos com mais de 60 anos e professores. A expectativa era de, nesta fase, vacinar cerca de 33 milh\u00f5es de pessoas. Na primeira etapa, entre os dias&nbsp;12 de abril&nbsp;e&nbsp;10 de maio, o foco eram crian\u00e7as com idade entre 6 meses e 6 anos; gestantes e mulheres no per\u00edodo at\u00e9 45 dias ap\u00f3s o parto [pu\u00e9rperas]; povos ind\u00edgenas e trabalhadores da sa\u00fade. Nesta fase, o governo pretendia vacinar cerca de 25 milh\u00f5es de pessoas.<\/p>\n\n\n\n<figure class=\"wp-block-image size-large\"><img loading=\"lazy\" decoding=\"async\" width=\"1170\" height=\"700\" src=\"https:\/\/tvtecjundiai.com.br\/news\/wp-content\/uploads\/sites\/2\/2021\/06\/dsc_6049.jpg\" alt=\"\" class=\"wp-image-76817\" srcset=\"https:\/\/tvtecjundiai.com.br\/news\/wp-content\/uploads\/sites\/2\/2021\/06\/dsc_6049.jpg 1170w, https:\/\/tvtecjundiai.com.br\/news\/wp-content\/uploads\/sites\/2\/2021\/06\/dsc_6049-300x179.jpg 300w, https:\/\/tvtecjundiai.com.br\/news\/wp-content\/uploads\/sites\/2\/2021\/06\/dsc_6049-768x459.jpg 768w\" sizes=\"auto, (max-width: 1170px) 100vw, 1170px\" \/><figcaption>O n\u00famero corresponde a 25,3% da meta pretendida, de 79,7 milh\u00f5es de doses, at\u00e9 o final da terceira fase, em&nbsp;9 de julho<\/figcaption><\/figure>\n\n\n\n<p>J\u00e1 a terceira fase, que ocorrer\u00e1 entre&nbsp;9 de junho&nbsp;e&nbsp;9 de julho, tem como p\u00fablico-alvo integrantes das For\u00e7as Armadas; da \u00e1rea de seguran\u00e7a e de salvamento; pessoas com comorbidades, condi\u00e7\u00f5es cl\u00ednicas especiais ou com defici\u00eancia permanente; caminhoneiros; trabalhadores de transporte coletivo rodovi\u00e1rio; trabalhadores portu\u00e1rios; funcion\u00e1rios do sistema de priva\u00e7\u00e3o de liberdade; popula\u00e7\u00e3o privada de liberdade e adolescentes em medidas socioeducativas. Nela, a previs\u00e3o \u00e9 de aplicar 22 milh\u00f5es de doses.<\/p>\n\n\n\n<p>De acordo com o Minist\u00e9rio da Sa\u00fade, 58,3 milh\u00f5es de doses j\u00e1 foram distribu\u00eddas para as unidades federativas. A regi\u00e3o que registrou o maior n\u00famero de doses aplicadas foi o Sudeste, com 9 milh\u00f5es de doses aplicadas, o que corresponde a 29,4% da cobertura vacinal pretendida. Em segundo lugar, est\u00e1 a Regi\u00e3o Nordeste, onde j\u00e1 foram aplicadas 4,8 milh\u00f5es de doses, o correspondente a 23,6% do que \u00e9 pretendido at\u00e9 o final da campanha.<\/p>\n\n\n\n<p>Com 3,6 milh\u00f5es de doses aplicadas, a Regi\u00e3o Sul \u00e9 a que registra a melhor cobertura vacinal at\u00e9 o momento, com 29,4% do total pretendido. No Centro-Oeste foram aplicadas 1,6 milh\u00e3o de doses (27,3% da cobertura pretendida), e na Norte, 1,1 milh\u00e3o (18,3%).<\/p>\n\n\n\n<p><em>(Texto\/Imagem: Ag\u00eancia Brasil)<\/em><\/p>\n","protected":false},"excerpt":{"rendered":"<p>Segunda fase da campanha termina na pr\u00f3xima ter\u00e7a-feira<\/p>\n","protected":false},"author":28,"featured_media":76817,"comment_status":"closed","ping_status":"closed","sticky":false,"template":"","format":"standard","meta":{"footnotes":""},"categories":[8356,1],"tags":[],"class_list":["post-76816","post","type-post","status-publish","format-standard","has-post-thumbnail","hentry","category-jundiai","category-noticias"],"_links":{"self":[{"href":"https:\/\/tvtecjundiai.com.br\/news\/wp-json\/wp\/v2\/posts\/76816","targetHints":{"allow":["GET"]}}],"collection":[{"href":"https:\/\/tvtecjundiai.com.br\/news\/wp-json\/wp\/v2\/posts"}],"about":[{"href":"https:\/\/tvtecjundiai.com.br\/news\/wp-json\/wp\/v2\/types\/post"}],"author":[{"embeddable":true,"href":"https:\/\/tvtecjundiai.com.br\/news\/wp-json\/wp\/v2\/users\/28"}],"replies":[{"embeddable":true,"href":"https:\/\/tvtecjundiai.com.br\/news\/wp-json\/wp\/v2\/comments?post=76816"}],"version-history":[{"count":2,"href":"https:\/\/tvtecjundiai.com.br\/news\/wp-json\/wp\/v2\/posts\/76816\/revisions"}],"predecessor-version":[{"id":76820,"href":"https:\/\/tvtecjundiai.com.br\/news\/wp-json\/wp\/v2\/posts\/76816\/revisions\/76820"}],"wp:featuredmedia":[{"embeddable":true,"href":"https:\/\/tvtecjundiai.com.br\/news\/wp-json\/wp\/v2\/media\/76817"}],"wp:attachment":[{"href":"https:\/\/tvtecjundiai.com.br\/news\/wp-json\/wp\/v2\/media?parent=76816"}],"wp:term":[{"taxonomy":"category","embeddable":true,"href":"https:\/\/tvtecjundiai.com.br\/news\/wp-json\/wp\/v2\/categories?post=76816"},{"taxonomy":"post_tag","embeddable":true,"href":"https:\/\/tvtecjundiai.com.br\/news\/wp-json\/wp\/v2\/tags?post=76816"}],"curies":[{"name":"wp","href":"https:\/\/api.w.org\/{rel}","templated":true}]}}