{"id":76819,"date":"2021-06-01T16:16:49","date_gmt":"2021-06-01T19:16:49","guid":{"rendered":"https:\/\/tvtecjundiai.com.br\/news\/?p=76819"},"modified":"2021-06-01T16:18:39","modified_gmt":"2021-06-01T19:18:39","slug":"morre-eduardo-kalaf-dono-de-tradicional-loja-de-roupas-em-jundiai-1","status":"publish","type":"post","link":"https:\/\/tvtecjundiai.com.br\/news\/2021\/06\/01\/morre-eduardo-kalaf-dono-de-tradicional-loja-de-roupas-em-jundiai-1\/","title":{"rendered":"Morre Eduardo Kalaf, dono de tradicional loja de roupas em Jundia\u00ed"},"content":{"rendered":"\n<p>Faleceu nesta ter\u00e7a-feira (01), de infarto, o comerciante Eduardo Kalaf, aos 62 anos. <\/p>\n\n\n\n<p>Eduardo era propriet\u00e1rio da tradicional loja de roupas com o mesmo sobrenome fundada por seu pai, Victor &#8211; a Kalaf Roupas Finas. Eduardo era filho de Victor e Aracy Kalaf.<\/p>\n\n\n\n<div class=\"wp-block-image\"><figure class=\"aligncenter size-large\"><img decoding=\"async\" src=\"https:\/\/tvtecjundiai.com.br\/news\/wp-content\/uploads\/sites\/2\/2021\/06\/eduardokalaf.jpg\" alt=\"\" class=\"wp-image-76821\" \/><figcaption>Eduardo Kalaf faleceu nesta ter\u00e7a-feira v\u00edtima de infarto<\/figcaption><\/figure><\/div>\n\n\n\n<p>Amigos lamentaram a morte de Eduardo. &#8220;Pessoa de muitos amigos, deixar\u00e1 saudades. Que Deus o receba de bra\u00e7os abertos e fortale\u00e7a seus familiares nesse momento de luto&#8221;, comentou o amigo Jo\u00e3o Carlos Martinelli.<\/p>\n\n\n\n<p><em>(Texto: TVTEC\/Imagem: Arquivo Pessoal)<\/em><\/p>\n","protected":false},"excerpt":{"rendered":"<p>Eduardo era propriet\u00e1rio da tradicional loja de roupas Kalaf Roupas Finas<\/p>\n","protected":false},"author":28,"featured_media":76821,"comment_status":"closed","ping_status":"closed","sticky":false,"template":"","format":"standard","meta":{"footnotes":""},"categories":[8356,1],"tags":[],"class_list":["post-76819","post","type-post","status-publish","format-standard","has-post-thumbnail","hentry","category-jundiai","category-noticias"],"_links":{"self":[{"href":"https:\/\/tvtecjundiai.com.br\/news\/wp-json\/wp\/v2\/posts\/76819","targetHints":{"allow":["GET"]}}],"collection":[{"href":"https:\/\/tvtecjundiai.com.br\/news\/wp-json\/wp\/v2\/posts"}],"about":[{"href":"https:\/\/tvtecjundiai.com.br\/news\/wp-json\/wp\/v2\/types\/post"}],"author":[{"embeddable":true,"href":"https:\/\/tvtecjundiai.com.br\/news\/wp-json\/wp\/v2\/users\/28"}],"replies":[{"embeddable":true,"href":"https:\/\/tvtecjundiai.com.br\/news\/wp-json\/wp\/v2\/comments?post=76819"}],"version-history":[{"count":2,"href":"https:\/\/tvtecjundiai.com.br\/news\/wp-json\/wp\/v2\/posts\/76819\/revisions"}],"predecessor-version":[{"id":76823,"href":"https:\/\/tvtecjundiai.com.br\/news\/wp-json\/wp\/v2\/posts\/76819\/revisions\/76823"}],"wp:featuredmedia":[{"embeddable":true,"href":"https:\/\/tvtecjundiai.com.br\/news\/wp-json\/wp\/v2\/media\/76821"}],"wp:attachment":[{"href":"https:\/\/tvtecjundiai.com.br\/news\/wp-json\/wp\/v2\/media?parent=76819"}],"wp:term":[{"taxonomy":"category","embeddable":true,"href":"https:\/\/tvtecjundiai.com.br\/news\/wp-json\/wp\/v2\/categories?post=76819"},{"taxonomy":"post_tag","embeddable":true,"href":"https:\/\/tvtecjundiai.com.br\/news\/wp-json\/wp\/v2\/tags?post=76819"}],"curies":[{"name":"wp","href":"https:\/\/api.w.org\/{rel}","templated":true}]}}