{"id":76824,"date":"2021-06-01T16:27:09","date_gmt":"2021-06-01T19:27:09","guid":{"rendered":"https:\/\/tvtecjundiai.com.br\/news\/?p=76824"},"modified":"2021-06-01T17:10:45","modified_gmt":"2021-06-01T20:10:45","slug":"cpfl-piratininga-doa-lampadas-para-entidades-cadastradas-no-fundo-social-1","status":"publish","type":"post","link":"https:\/\/tvtecjundiai.com.br\/news\/2021\/06\/01\/cpfl-piratininga-doa-lampadas-para-entidades-cadastradas-no-fundo-social-1\/","title":{"rendered":"CPFL Piratininga doa l\u00e2mpadas para entidades cadastradas no Fundo Social"},"content":{"rendered":"\n<p>A CPFL Piratininga beneficiou, nesta ter\u00e7a-feira (01), 10 entidades cadastradas no Fundo Social de Solidariedade de Jundia\u00ed (Funss) com a doa\u00e7\u00e3o de 600 l\u00e2mpadas de LED, que atender\u00e3o, diretamente, 150 fam\u00edlias em vulnerabilidade, moradoras no munic\u00edpio.<\/p>\n\n\n\n<p>De acordo com o coordenador de Atendimento Presencial da empresa, Adriano Rodrigues Galv\u00e3o, cada l\u00e2mpada doada consome 85% menos que uma l\u00e2mpada comum. \u201cEsta a\u00e7\u00e3o integra a preocupa\u00e7\u00e3o social da CPFL Piratininga no que tange o consumo consciente e, consequentemente, a economia financeira das fam\u00edlias que vivem em vulnerabilidade. Para isso, al\u00e9m dos itens, entregamos tamb\u00e9m uma revista em quadrinhos que, numa linguagem atrativa, pode orientar toda a fam\u00edlia, desde a crian\u00e7a at\u00e9 o adulto\u201d.<\/p>\n\n\n\n<figure class=\"wp-block-image size-large\"><img loading=\"lazy\" decoding=\"async\" width=\"1200\" height=\"800\" src=\"https:\/\/tvtecjundiai.com.br\/news\/wp-content\/uploads\/sites\/2\/2021\/06\/funss_cpfl-2-1200x800.jpg\" alt=\"\" class=\"wp-image-76825\" srcset=\"https:\/\/tvtecjundiai.com.br\/news\/wp-content\/uploads\/sites\/2\/2021\/06\/funss_cpfl-2-1200x800.jpg 1200w, https:\/\/tvtecjundiai.com.br\/news\/wp-content\/uploads\/sites\/2\/2021\/06\/funss_cpfl-2-300x200.jpg 300w, https:\/\/tvtecjundiai.com.br\/news\/wp-content\/uploads\/sites\/2\/2021\/06\/funss_cpfl-2-768x512.jpg 768w, https:\/\/tvtecjundiai.com.br\/news\/wp-content\/uploads\/sites\/2\/2021\/06\/funss_cpfl-2.jpg 1280w\" sizes=\"auto, (max-width: 1200px) 100vw, 1200px\" \/><figcaption>Cristiano, do Centro Esp\u00edrita Fraternidade: doa\u00e7\u00e3o ser\u00e1 revertida para fam\u00edlias em vulnerabilidade<\/figcaption><\/figure>\n\n\n\n<p>Entre as institui\u00e7\u00f5es beneficiadas estava a Casa da Crian\u00e7a, que atende, atualmente, 220 fam\u00edlias de 68 bairros de Jundia\u00ed. \u201cN\u00f3s j\u00e1 identificamos os n\u00facleos familiares que receber\u00e3o estas doa\u00e7\u00f5es. Estamos muito felizes com esta a\u00e7\u00e3o intermediada pelo Fundo Social porque, al\u00e9m de ajudar, tamb\u00e9m poderemos ensinar estas pessoas sobre a necessidade do consumo consciente\u201d, explicou a assistente social, Marli Cremones.<\/p>\n\n\n\n<p>Al\u00e9m das l\u00e2mpadas fornecidas pela CPFL Piratininga, as entidades tamb\u00e9m receberam&nbsp;<em>kits&nbsp;<\/em>de alimentos n\u00e3o perec\u00edveis e produtos de higiene pessoal, doados pelo Fundo Social. Os itens s\u00e3o resultado das doa\u00e7\u00f5es recebidas por meio da Campanha Permanente de Solidariedade e, tamb\u00e9m, da \u2018Vacina\u00e7\u00e3o Solid\u00e1ria\u2019, que ocorre em todos os pontos de imuniza\u00e7\u00e3o contra a COVID-19.<\/p>\n\n\n\n<figure class=\"wp-block-image size-large\"><img loading=\"lazy\" decoding=\"async\" width=\"1200\" height=\"803\" src=\"https:\/\/tvtecjundiai.com.br\/news\/wp-content\/uploads\/sites\/2\/2021\/06\/funss_cpfl-5-1200x803.jpg\" alt=\"\" class=\"wp-image-76826\" srcset=\"https:\/\/tvtecjundiai.com.br\/news\/wp-content\/uploads\/sites\/2\/2021\/06\/funss_cpfl-5-1200x803.jpg 1200w, https:\/\/tvtecjundiai.com.br\/news\/wp-content\/uploads\/sites\/2\/2021\/06\/funss_cpfl-5-300x201.jpg 300w, https:\/\/tvtecjundiai.com.br\/news\/wp-content\/uploads\/sites\/2\/2021\/06\/funss_cpfl-5-768x514.jpg 768w, https:\/\/tvtecjundiai.com.br\/news\/wp-content\/uploads\/sites\/2\/2021\/06\/funss_cpfl-5.jpg 1280w\" sizes=\"auto, (max-width: 1200px) 100vw, 1200px\" \/><figcaption>Adriano, da CPFL: cada l\u00e2mpada doada consome 85% menos que uma l\u00e2mpada comum<\/figcaption><\/figure>\n\n\n\n<p>\u201cHoje, assistimos 56 fam\u00edlias em vulnerabilidade e este trabalho \u00e9 feito, essencialmente, a partir de doa\u00e7\u00f5es e do bazar realizado pela nossa institui\u00e7\u00e3o. Esta contribui\u00e7\u00e3o, certamente, chegou em boa hora\u201d, disse Valter F. Giacomelli, gestor do Lar Creche Wilson de Oliveira.<\/p>\n\n\n\n<p>\u201cN\u00f3s, do Centro Esp\u00edrita Fraternidade, fazemos o acompanhamento direto de 60 fam\u00edlias, verificando as suas reais necessidades. Estamos muito felizes em contar com mais esta ajuda do Fundo Social\u201d, afirmou Cristiano Vaz Pedroso, que atua como diretor de assist\u00eancia social.<\/p>\n\n\n\n<p>Tamb\u00e9m receberam as doa\u00e7\u00f5es: Associa\u00e7\u00e3o Beneficente e Cultural de Jundia\u00ed (ABCJ); Casa da Fonte; Creche M\u00e3e Meimei; Associa\u00e7\u00e3o Acolhimento Bom Pastor; Associa\u00e7\u00e3o Brasileira de Assist\u00eancia \u00e0s Pessoas com C\u00e2ncer (ABRAPEC); Lar Esp\u00edrita Vinha de Luz; e Associa\u00e7\u00e3o Almater.<\/p>\n\n\n\n<figure class=\"wp-block-image size-large\"><img loading=\"lazy\" decoding=\"async\" width=\"1200\" height=\"799\" src=\"https:\/\/tvtecjundiai.com.br\/news\/wp-content\/uploads\/sites\/2\/2021\/06\/funss_cpfl-6-1200x799.jpg\" alt=\"\" class=\"wp-image-76827\" srcset=\"https:\/\/tvtecjundiai.com.br\/news\/wp-content\/uploads\/sites\/2\/2021\/06\/funss_cpfl-6-1200x799.jpg 1200w, https:\/\/tvtecjundiai.com.br\/news\/wp-content\/uploads\/sites\/2\/2021\/06\/funss_cpfl-6-300x200.jpg 300w, https:\/\/tvtecjundiai.com.br\/news\/wp-content\/uploads\/sites\/2\/2021\/06\/funss_cpfl-6-768x511.jpg 768w, https:\/\/tvtecjundiai.com.br\/news\/wp-content\/uploads\/sites\/2\/2021\/06\/funss_cpfl-6.jpg 1280w\" sizes=\"auto, (max-width: 1200px) 100vw, 1200px\" \/><figcaption>No total, 10 entidades cadastradas no Funss foram beneficiadas<\/figcaption><\/figure>\n\n\n\n<p><strong>Como ajudar?<\/strong><\/p>\n\n\n\n<p>Representando a primeira-dama e presidente do Fundo Social de Solidariedade, a diretora Francine Picardi destacou a import\u00e2ncia da popula\u00e7\u00e3o contribuir com as campanhas promovidas pela unidade. \u201cA consist\u00eancia das doa\u00e7\u00f5es realizadas ao Funss garante o atendimento \u00e0s entidades, igrejas e associa\u00e7\u00f5es de bairro que assistem, diretamente, as fam\u00edlias que mais precisam. Por isso, refor\u00e7amos que toda ajuda \u00e9 sempre bem-vinda e faz a diferen\u00e7a\u201d, disse.<\/p>\n\n\n\n<p>Atualmente, o Fundo Social est\u00e1 com tr\u00eas campanhas em andamento: Campanha Permanente, Campanha de Inverno e Vacina\u00e7\u00e3o Solid\u00e1ria. A&nbsp;<strong>Campanha Permanente&nbsp;<\/strong>arrecada alimentos n\u00e3o perec\u00edveis dentro do prazo de validade; fraldas infantis e geri\u00e1tricas; leite longa vida ou em p\u00f3; absorventes higi\u00eanicos descart\u00e1veis; \u00e1gua mineral; roupas, cal\u00e7ados e toalhas de banho; produtos de limpeza e de higiene pessoal; ra\u00e7\u00e3o para animais; e saco de lixo. Os itens devem ser entregues, diretamente, na sede da unidade.<\/p>\n\n\n\n<figure class=\"wp-block-image size-large\"><img loading=\"lazy\" decoding=\"async\" width=\"1200\" height=\"800\" src=\"https:\/\/tvtecjundiai.com.br\/news\/wp-content\/uploads\/sites\/2\/2021\/06\/funss_cpfl-1-1200x800.jpg\" alt=\"\" class=\"wp-image-76828\" srcset=\"https:\/\/tvtecjundiai.com.br\/news\/wp-content\/uploads\/sites\/2\/2021\/06\/funss_cpfl-1-1200x800.jpg 1200w, https:\/\/tvtecjundiai.com.br\/news\/wp-content\/uploads\/sites\/2\/2021\/06\/funss_cpfl-1-300x200.jpg 300w, https:\/\/tvtecjundiai.com.br\/news\/wp-content\/uploads\/sites\/2\/2021\/06\/funss_cpfl-1-768x512.jpg 768w, https:\/\/tvtecjundiai.com.br\/news\/wp-content\/uploads\/sites\/2\/2021\/06\/funss_cpfl-1.jpg 1280w\" sizes=\"auto, (max-width: 1200px) 100vw, 1200px\" \/><figcaption>Entidades tamb\u00e9m receberam kits de alimentos n\u00e3o perec\u00edveis e produtos de higiene pessoal<\/figcaption><\/figure>\n\n\n\n<p>O mesmo vale para a&nbsp;<strong>Campanha de Inverno<\/strong>, que tem como foco arrecadar pe\u00e7as de vestu\u00e1rio, cal\u00e7ados e cobertores e outras pe\u00e7as capazes de aquecer os dias frios. Al\u00e9m disso, a Campanha de Inverno conta com postos de arrecada\u00e7\u00e3o em diversos pontos da cidade. Os endere\u00e7os est\u00e3o dispon\u00edveis no site: https:\/\/jundiai.sp.gov.br\/campanhadeinvernojundiai\/<\/p>\n\n\n\n<p>J\u00e1 a&nbsp;<strong>Vacina\u00e7\u00e3o Solid\u00e1ria&nbsp;<\/strong>segue em andamento nos pontos de imuniza\u00e7\u00e3o contra a COVID-19. Nos locais, a popula\u00e7\u00e3o poder\u00e1 colaborar com a doa\u00e7\u00e3o de alimentos n\u00e3o perec\u00edveis.<\/p>\n\n\n\n<p>O Fundo Social fica dentro do Parque da Uva. O acesso \u00e9 pela avenida Dona Manoela Lacerda de Vergueiro, s\/n, port\u00e3o 03, bairro Anhangaba\u00fa. O funcionamento da unidade \u00e9 de segunda a sexta-feira, das 8h \u00e0s 17h, exceto feriados. Informa\u00e7\u00f5es: (11) 4521-2762, 4521-2929 e 4521-6833.<\/p>\n\n\n\n<p><em>(Texto\/Imagem: Prefeitura de Jundia\u00ed)<\/em><\/p>\n","protected":false},"excerpt":{"rendered":"<p>A doa\u00e7\u00e3o foi de 600 l\u00e2mpadas de LED, que atender\u00e3o, diretamente, 150 fam\u00edlias em vulnerabilidade<\/p>\n","protected":false},"author":28,"featured_media":76825,"comment_status":"closed","ping_status":"closed","sticky":false,"template":"","format":"standard","meta":{"footnotes":""},"categories":[8356,1],"tags":[],"class_list":["post-76824","post","type-post","status-publish","format-standard","has-post-thumbnail","hentry","category-jundiai","category-noticias"],"_links":{"self":[{"href":"https:\/\/tvtecjundiai.com.br\/news\/wp-json\/wp\/v2\/posts\/76824","targetHints":{"allow":["GET"]}}],"collection":[{"href":"https:\/\/tvtecjundiai.com.br\/news\/wp-json\/wp\/v2\/posts"}],"about":[{"href":"https:\/\/tvtecjundiai.com.br\/news\/wp-json\/wp\/v2\/types\/post"}],"author":[{"embeddable":true,"href":"https:\/\/tvtecjundiai.com.br\/news\/wp-json\/wp\/v2\/users\/28"}],"replies":[{"embeddable":true,"href":"https:\/\/tvtecjundiai.com.br\/news\/wp-json\/wp\/v2\/comments?post=76824"}],"version-history":[{"count":2,"href":"https:\/\/tvtecjundiai.com.br\/news\/wp-json\/wp\/v2\/posts\/76824\/revisions"}],"predecessor-version":[{"id":76844,"href":"https:\/\/tvtecjundiai.com.br\/news\/wp-json\/wp\/v2\/posts\/76824\/revisions\/76844"}],"wp:featuredmedia":[{"embeddable":true,"href":"https:\/\/tvtecjundiai.com.br\/news\/wp-json\/wp\/v2\/media\/76825"}],"wp:attachment":[{"href":"https:\/\/tvtecjundiai.com.br\/news\/wp-json\/wp\/v2\/media?parent=76824"}],"wp:term":[{"taxonomy":"category","embeddable":true,"href":"https:\/\/tvtecjundiai.com.br\/news\/wp-json\/wp\/v2\/categories?post=76824"},{"taxonomy":"post_tag","embeddable":true,"href":"https:\/\/tvtecjundiai.com.br\/news\/wp-json\/wp\/v2\/tags?post=76824"}],"curies":[{"name":"wp","href":"https:\/\/api.w.org\/{rel}","templated":true}]}}