{"id":76830,"date":"2021-06-01T16:46:55","date_gmt":"2021-06-01T19:46:55","guid":{"rendered":"https:\/\/tvtecjundiai.com.br\/news\/?p=76830"},"modified":"2021-06-01T16:46:55","modified_gmt":"2021-06-01T19:46:55","slug":"2-500-pacientes-recuperados-da-covid-19-ja-receberam-alta-no-hospital-sao-vicente","status":"publish","type":"post","link":"https:\/\/tvtecjundiai.com.br\/news\/2021\/06\/01\/2-500-pacientes-recuperados-da-covid-19-ja-receberam-alta-no-hospital-sao-vicente\/","title":{"rendered":"2.500 pacientes recuperados da COVID-19 j\u00e1 receberam alta no Hospital S\u00e3o Vicente"},"content":{"rendered":"\n<p>Desde o in\u00edcio da pandemia, o Hospital de Caridade S\u00e3o Vicente de Paulo (HSV) celebra cada sorriso, cada agradecimento e cada supera\u00e7\u00e3o dos pacientes que venceram a COVID-19. A vit\u00f3ria contra a doen\u00e7a \u00e9 motivo de alegria entre as equipes, que dedicam suas vidas no combate \u00e0 doen\u00e7a. Nesta ter\u00e7a-feira (01), a institui\u00e7\u00e3o registrou a alta de n\u00famero 2.500, representada pelo Lu\u00eds Felipe da Silva Fondatto, de 25 anos. O paciente ficou quatro dias internado e conta um pouco de como foi enfrentar o v\u00edrus.<\/p>\n\n\n\n<p>\u201cFoi um per\u00edodo agoniante e n\u00e3o desejo isso para ningu\u00e9m. Fui muito bem tratado durante minha interna\u00e7\u00e3o e s\u00f3 tenho motivos para agradecer, mas antes de tudo devo minha vida \u00e0 Deus. Estou feliz por receber alta, \u00e9 uma grande vit\u00f3ria\u201d, comemora Lu\u00eds.<\/p>\n\n\n\n<p>A m\u00e3e do paciente, Maria L\u00facia da Silva Fondatto, explica que receber a not\u00edcia da recupera\u00e7\u00e3o do filho foi emocionante. \u201cEu n\u00e3o tive rea\u00e7\u00e3o quando me ligaram, perdi as palavras e s\u00f3 soube agradecer \u00e0 Deus. Meu filho \u00e9 muito querido, fizemos uma rede de ora\u00e7\u00e3o e nossa gra\u00e7a foi alcan\u00e7ada. Foi um milagre em nossas vidas\u201d.<\/p>\n\n\n\n<p>O paciente aproveitou a ocasi\u00e3o para alertar a popula\u00e7\u00e3o sobre a import\u00e2ncia de seguir os protocolos de seguran\u00e7a. \u201cEssa doen\u00e7a \u00e9 muito pior do que imaginamos ou assistimos na televis\u00e3o. Evite aglomera\u00e7\u00f5es, proteja-se, seja consciente\u201d.\u00a0<\/p>\n\n\n\n<figure class=\"wp-block-image size-large\"><img loading=\"lazy\" decoding=\"async\" width=\"1200\" height=\"737\" src=\"https:\/\/tvtecjundiai.com.br\/news\/wp-content\/uploads\/sites\/2\/2021\/06\/Luis-e-Maria-Lucia-agradecem-equipe-do-HSV-e-celebram-recuperacao-1200x737.jpg\" alt=\"\" class=\"wp-image-76831\" srcset=\"https:\/\/tvtecjundiai.com.br\/news\/wp-content\/uploads\/sites\/2\/2021\/06\/Luis-e-Maria-Lucia-agradecem-equipe-do-HSV-e-celebram-recuperacao-1200x737.jpg 1200w, https:\/\/tvtecjundiai.com.br\/news\/wp-content\/uploads\/sites\/2\/2021\/06\/Luis-e-Maria-Lucia-agradecem-equipe-do-HSV-e-celebram-recuperacao-300x184.jpg 300w, https:\/\/tvtecjundiai.com.br\/news\/wp-content\/uploads\/sites\/2\/2021\/06\/Luis-e-Maria-Lucia-agradecem-equipe-do-HSV-e-celebram-recuperacao-768x472.jpg 768w, https:\/\/tvtecjundiai.com.br\/news\/wp-content\/uploads\/sites\/2\/2021\/06\/Luis-e-Maria-Lucia-agradecem-equipe-do-HSV-e-celebram-recuperacao.jpg 1280w\" sizes=\"auto, (max-width: 1200px) 100vw, 1200px\" \/><figcaption><strong>Lu\u00eds e Maria L\u00facia agradecem equipe do HSV e celebram recupera\u00e7\u00e3o<\/strong><\/figcaption><\/figure>\n\n\n\n<p><em>(Texto\/Imagem: Assessoria de Imprensa)<\/em><\/p>\n","protected":false},"excerpt":{"rendered":"<p>A vit\u00f3ria contra a doen\u00e7a \u00e9 motivo de alegria entre as equipes, que dedicam suas vidas no combate \u00e0 doen\u00e7a<\/p>\n","protected":false},"author":28,"featured_media":76831,"comment_status":"closed","ping_status":"closed","sticky":false,"template":"","format":"standard","meta":{"footnotes":""},"categories":[8356,1],"tags":[],"class_list":["post-76830","post","type-post","status-publish","format-standard","has-post-thumbnail","hentry","category-jundiai","category-noticias"],"_links":{"self":[{"href":"https:\/\/tvtecjundiai.com.br\/news\/wp-json\/wp\/v2\/posts\/76830","targetHints":{"allow":["GET"]}}],"collection":[{"href":"https:\/\/tvtecjundiai.com.br\/news\/wp-json\/wp\/v2\/posts"}],"about":[{"href":"https:\/\/tvtecjundiai.com.br\/news\/wp-json\/wp\/v2\/types\/post"}],"author":[{"embeddable":true,"href":"https:\/\/tvtecjundiai.com.br\/news\/wp-json\/wp\/v2\/users\/28"}],"replies":[{"embeddable":true,"href":"https:\/\/tvtecjundiai.com.br\/news\/wp-json\/wp\/v2\/comments?post=76830"}],"version-history":[{"count":1,"href":"https:\/\/tvtecjundiai.com.br\/news\/wp-json\/wp\/v2\/posts\/76830\/revisions"}],"predecessor-version":[{"id":76832,"href":"https:\/\/tvtecjundiai.com.br\/news\/wp-json\/wp\/v2\/posts\/76830\/revisions\/76832"}],"wp:featuredmedia":[{"embeddable":true,"href":"https:\/\/tvtecjundiai.com.br\/news\/wp-json\/wp\/v2\/media\/76831"}],"wp:attachment":[{"href":"https:\/\/tvtecjundiai.com.br\/news\/wp-json\/wp\/v2\/media?parent=76830"}],"wp:term":[{"taxonomy":"category","embeddable":true,"href":"https:\/\/tvtecjundiai.com.br\/news\/wp-json\/wp\/v2\/categories?post=76830"},{"taxonomy":"post_tag","embeddable":true,"href":"https:\/\/tvtecjundiai.com.br\/news\/wp-json\/wp\/v2\/tags?post=76830"}],"curies":[{"name":"wp","href":"https:\/\/api.w.org\/{rel}","templated":true}]}}