{"id":76833,"date":"2021-06-01T16:52:51","date_gmt":"2021-06-01T19:52:51","guid":{"rendered":"https:\/\/tvtecjundiai.com.br\/news\/?p=76833"},"modified":"2021-06-01T16:52:51","modified_gmt":"2021-06-01T19:52:51","slug":"jundiai-registra-oito-obitos-pelo-covid-19-nesta-terca-feira-01","status":"publish","type":"post","link":"https:\/\/tvtecjundiai.com.br\/news\/2021\/06\/01\/jundiai-registra-oito-obitos-pelo-covid-19-nesta-terca-feira-01\/","title":{"rendered":"Jundia\u00ed registra oito \u00f3bitos pelo COVID-19 nesta ter\u00e7a-feira (01)"},"content":{"rendered":"\n<p>A Prefeitura de Jundia\u00ed informa que, nesta ter\u00e7a-feira (01), oito \u00f3bitos foram contabilizados de residentes na cidade causados pelo Novo Coronav\u00edrus.<\/p>\n\n\n\n<p>Homem, 60 anos, portador de neoplasia. Internou 28\/05 e faleceu 30\/05 em hospital privado da cidade.<\/p>\n\n\n\n<p>Homem, 81 anos, portador de doen\u00e7a cardiovascular e pneumopatia cr\u00f4nicas. Internou 17\/05 e faleceu 30\/05 no hospital S\u00e3o Vicente.<\/p>\n\n\n\n<p>Mulher, 64 anos, portadora de doen\u00e7a cardiovascular cr\u00f4nica. Internou 12\/05 e faleceu 01\/06 no hospital S\u00e3o Vicente.<\/p>\n\n\n\n<p>Homem, 82 anos, portador de doen\u00e7a cardiovascular cr\u00f4nica. Internou 20\/05 e faleceu 31\/05 no hospital S\u00e3o Vicente.<\/p>\n\n\n\n<p>Homem, 70 anos, sem comorbidades registradas. Internou 20\/05 e faleceu 31\/05 em hospital privado da cidade.<\/p>\n\n\n\n<p>Mulher, 55 anos, portadora de doen\u00e7a cardiovascular cr\u00f4nica e diabetes. Internou 14\/05 e faleceu 31\/05 no hospital S\u00e3o Vicente.<\/p>\n\n\n\n<p>Homem, 84 anos, portador de doen\u00e7a cardiovascular cr\u00f4nica. Internou 26\/05 e faleceu 31\/05 no hospital S\u00e3o Vicente.<\/p>\n\n\n\n<p>Homem, 68 anos, portador de doen\u00e7a cardiovascular cr\u00f4nica. Faleceu 28\/05 em outro munic\u00edpio.<\/p>\n\n\n\n<p>At\u00e9 o momento, a cidade registra 1217 \u00f3bitos causados pela COVID-19 desde o in\u00edcio da pandemia.<\/p>\n\n\n\n<figure class=\"wp-block-image size-large\"><img loading=\"lazy\" decoding=\"async\" width=\"960\" height=\"960\" src=\"https:\/\/tvtecjundiai.com.br\/news\/wp-content\/uploads\/sites\/2\/2021\/06\/slide1-960x960.png\" alt=\"\" class=\"wp-image-76834\" srcset=\"https:\/\/tvtecjundiai.com.br\/news\/wp-content\/uploads\/sites\/2\/2021\/06\/slide1-960x960.png 960w, https:\/\/tvtecjundiai.com.br\/news\/wp-content\/uploads\/sites\/2\/2021\/06\/slide1-300x300.png 300w, https:\/\/tvtecjundiai.com.br\/news\/wp-content\/uploads\/sites\/2\/2021\/06\/slide1-100x100.png 100w, https:\/\/tvtecjundiai.com.br\/news\/wp-content\/uploads\/sites\/2\/2021\/06\/slide1-768x768.png 768w, https:\/\/tvtecjundiai.com.br\/news\/wp-content\/uploads\/sites\/2\/2021\/06\/slide1.png 1280w\" sizes=\"auto, (max-width: 960px) 100vw, 960px\" \/><\/figure>\n\n\n\n<figure class=\"wp-block-image size-large\"><img loading=\"lazy\" decoding=\"async\" width=\"960\" height=\"960\" src=\"https:\/\/tvtecjundiai.com.br\/news\/wp-content\/uploads\/sites\/2\/2021\/06\/slide2-960x960.png\" alt=\"\" class=\"wp-image-76835\" srcset=\"https:\/\/tvtecjundiai.com.br\/news\/wp-content\/uploads\/sites\/2\/2021\/06\/slide2-960x960.png 960w, https:\/\/tvtecjundiai.com.br\/news\/wp-content\/uploads\/sites\/2\/2021\/06\/slide2-300x300.png 300w, https:\/\/tvtecjundiai.com.br\/news\/wp-content\/uploads\/sites\/2\/2021\/06\/slide2-100x100.png 100w, https:\/\/tvtecjundiai.com.br\/news\/wp-content\/uploads\/sites\/2\/2021\/06\/slide2-768x768.png 768w, https:\/\/tvtecjundiai.com.br\/news\/wp-content\/uploads\/sites\/2\/2021\/06\/slide2.png 1280w\" sizes=\"auto, (max-width: 960px) 100vw, 960px\" \/><\/figure>\n\n\n\n<p><em>(Texto\/Imagem: Prefeitura de Jundia\u00ed)<\/em><\/p>\n","protected":false},"excerpt":{"rendered":"<p>At\u00e9 o momento, a cidade registra 1217 \u00f3bitos causados pela COVID-19 desde o in\u00edcio da pandemia<\/p>\n","protected":false},"author":28,"featured_media":68012,"comment_status":"closed","ping_status":"closed","sticky":false,"template":"","format":"standard","meta":{"footnotes":""},"categories":[8356,1],"tags":[],"class_list":["post-76833","post","type-post","status-publish","format-standard","has-post-thumbnail","hentry","category-jundiai","category-noticias"],"_links":{"self":[{"href":"https:\/\/tvtecjundiai.com.br\/news\/wp-json\/wp\/v2\/posts\/76833","targetHints":{"allow":["GET"]}}],"collection":[{"href":"https:\/\/tvtecjundiai.com.br\/news\/wp-json\/wp\/v2\/posts"}],"about":[{"href":"https:\/\/tvtecjundiai.com.br\/news\/wp-json\/wp\/v2\/types\/post"}],"author":[{"embeddable":true,"href":"https:\/\/tvtecjundiai.com.br\/news\/wp-json\/wp\/v2\/users\/28"}],"replies":[{"embeddable":true,"href":"https:\/\/tvtecjundiai.com.br\/news\/wp-json\/wp\/v2\/comments?post=76833"}],"version-history":[{"count":1,"href":"https:\/\/tvtecjundiai.com.br\/news\/wp-json\/wp\/v2\/posts\/76833\/revisions"}],"predecessor-version":[{"id":76836,"href":"https:\/\/tvtecjundiai.com.br\/news\/wp-json\/wp\/v2\/posts\/76833\/revisions\/76836"}],"wp:featuredmedia":[{"embeddable":true,"href":"https:\/\/tvtecjundiai.com.br\/news\/wp-json\/wp\/v2\/media\/68012"}],"wp:attachment":[{"href":"https:\/\/tvtecjundiai.com.br\/news\/wp-json\/wp\/v2\/media?parent=76833"}],"wp:term":[{"taxonomy":"category","embeddable":true,"href":"https:\/\/tvtecjundiai.com.br\/news\/wp-json\/wp\/v2\/categories?post=76833"},{"taxonomy":"post_tag","embeddable":true,"href":"https:\/\/tvtecjundiai.com.br\/news\/wp-json\/wp\/v2\/tags?post=76833"}],"curies":[{"name":"wp","href":"https:\/\/api.w.org\/{rel}","templated":true}]}}